{"id":17435,"date":"2017-06-14T22:00:00","date_gmt":"2017-06-14T22:00:00","guid":{"rendered":"http:\/\/www.padel-test.de\/padel-nachrichten\/padel-in-bremen-weyhe-auf-erfolgsspur-samuelsen-bosselmann-gewinnen-gps-turnier\/"},"modified":"2022-10-21T14:17:58","modified_gmt":"2022-10-21T14:17:58","slug":"padel-en-bremen-weyhe-camino-del-exito-samuelsen-bosselmann-gana-el-torneo-gps","status":"publish","type":"post","link":"https:\/\/www.padel-test.de\/es\/noticias-de-padel\/padel-en-bremen-weyhe-camino-del-exito-samuelsen-bosselmann-gana-el-torneo-gps\/","title":{"rendered":"El p\u00e1del en Bremen-Weyhe en camino al \u00e9xito - Samuelsen\/Bosselmann ganan el torneo de GPS"},"content":{"rendered":"<p>El fin de semana, el <a href=\"\/es\/padel-bremen-weyhe\/\">Ubicaci\u00f3n del p\u00e1del Bremen-Weyhe<\/a> se celebr\u00f3 un torneo de GPS100 en el que se pudieron admirar algunos partidos y rallies espectaculares. En particular, el \u00fanico argentino de 17 a\u00f1os, Franz Enz (en la foto del extremo izquierdo), fue capaz de cautivar al p\u00fablico una y otra vez con su alegr\u00eda de tocar y su ingenio.<\/p>\n<p>Al final, sin embargo, fue la pareja Samuelsen\/Bosselmann (3\u00aa y 4\u00aa por la derecha en la foto) la que se impuso, jugando de forma m\u00e1s consistente e igualada. Para los espectadores, que pasaron el d\u00eda en un ambiente muy familiar con caf\u00e9, pastel y barbacoa, el torneo mereci\u00f3 sin duda la pena.<\/p>\n<p>Y tambi\u00e9n para los muchos jugadores de p\u00e1del que se jugaron las plazas. Porque en la ceremonia de entrega de premios, no s\u00f3lo los ganadores del primer puesto recibieron un trofeo, sino que todos los participantes recibieron un peque\u00f1o premio de los patrocinadores <a href=\"\/es\/cabeza-padel\/\">P\u00e1del de cabeza<\/a> y <a href=\"\/es\/dunlop-padel\/\">Padel Dunlop<\/a>!<\/p>\n<p>Pero esa no fue la \u00fanica buena noticia de Bremen.<\/p>\n<p>Gracias a los entusiastas del p\u00e1del Alex Schwarz, Malte Daum y muchos otros ayudantes de Bremen y Weyhe, este lugar de p\u00e1del est\u00e1 creciendo definitivamente. Ya en septiembre, el pr\u00f3ximo torneo de la DPV tendr\u00e1 lugar all\u00ed, entonces incluso como torneo GPS500.<\/p>\n<p>La prensa regional tambi\u00e9n informa regularmente de las actividades en Weyhe:<\/p>\n<ul>\n<li><a href=\"https:\/\/www.kreiszeitung.de\/lokales\/diepholz\/weyhe-ort54198\/freizeit-zeichen-schwert-schlaeger-8370039.html\" target=\"_blank\" rel=\"noopener noreferrer nofollow\">https:\/\/www.kreiszeitung.de\/lokales\/diepholz\/weyhe-ort54198\/freizeit-zeichen-schwert-schlaeger-8370039.html<\/a><\/li>\n<li><a href=\"https:\/\/www.weser-kurier.de\/region\/regionale-rundschau_artikel,-kampfkunst-kreativitaet-und-kinderdisco-_arid,1607369.html\" target=\"_blank\" rel=\"noopener noreferrer nofollow\">https:\/\/www.weser-kurier.de\/region\/regionale-rundschau_artikel,-kampfkunst-kreativitaet-und-kinderdisco-_arid,1607369.html<\/a><\/li>\n<\/ul>\n<p>Y ya se est\u00e1 planificando la pr\u00f3xima pista de p\u00e1del: \u00a1ya estamos deseando que se inaugure!<\/p>","protected":false},"excerpt":{"rendered":"<p>El fin de semana, el <a href=\"\/es\/padel-bremen-weyhe\/\">Ubicaci\u00f3n del p\u00e1del Bremen-Weyhe<\/a> se celebr\u00f3 un torneo de GPS100 en el que se pudieron admirar algunos partidos y rallies espectaculares. En particular, el \u00fanico argentino de 17 a\u00f1os, Franz Enz (en la foto del extremo izquierdo), fue capaz de cautivar al p\u00fablico una y otra vez con su alegr\u00eda de tocar y su ingenio. Al final, sin embargo, fue la pareja Samuelsen\/Bosselmann ...<\/p>","protected":false},"author":1,"featured_media":0,"comment_status":"open","ping_status":"open","sticky":false,"template":"","format":"standard","meta":{"_acf_changed":false,"_sitemap_exclude":false,"_sitemap_priority":"","_sitemap_frequency":"","_analytify_skip_tracking":false,"footnotes":""},"categories":[1],"tags":[196,199],"sgg_keywords":[],"class_list":["post-17435","post","type-post","status-publish","format-standard","hentry","category-padel-news","tag-bremen","tag-padel-turnier"],"acf":{"tweet":"","hinweis_an_redaktion":"","unternehmen":"","logo_unedited":""},"_links":{"self":[{"href":"https:\/\/www.padel-test.de\/es\/wp-json\/wp\/v2\/posts\/17435","targetHints":{"allow":["GET"]}}],"collection":[{"href":"https:\/\/www.padel-test.de\/es\/wp-json\/wp\/v2\/posts"}],"about":[{"href":"https:\/\/www.padel-test.de\/es\/wp-json\/wp\/v2\/types\/post"}],"author":[{"embeddable":true,"href":"https:\/\/www.padel-test.de\/es\/wp-json\/wp\/v2\/users\/1"}],"replies":[{"embeddable":true,"href":"https:\/\/www.padel-test.de\/es\/wp-json\/wp\/v2\/comments?post=17435"}],"version-history":[{"count":0,"href":"https:\/\/www.padel-test.de\/es\/wp-json\/wp\/v2\/posts\/17435\/revisions"}],"wp:attachment":[{"href":"https:\/\/www.padel-test.de\/es\/wp-json\/wp\/v2\/media?parent=17435"}],"wp:term":[{"taxonomy":"category","embeddable":true,"href":"https:\/\/www.padel-test.de\/es\/wp-json\/wp\/v2\/categories?post=17435"},{"taxonomy":"post_tag","embeddable":true,"href":"https:\/\/www.padel-test.de\/es\/wp-json\/wp\/v2\/tags?post=17435"},{"taxonomy":"sgg_keywords","embeddable":true,"href":"https:\/\/www.padel-test.de\/es\/wp-json\/wp\/v2\/sgg_keywords?post=17435"}],"curies":[{"name":"wp","href":"https:\/\/api.w.org\/{rel}","templated":true}]}}