{"id":17438,"date":"2015-05-25T22:00:00","date_gmt":"2015-05-25T22:00:00","guid":{"rendered":"http:\/\/www.padel-test.de\/padel-nachrichten\/bericht-vom-gps-padel-turnier-munchen\/"},"modified":"2022-10-21T14:17:41","modified_gmt":"2022-10-21T14:17:41","slug":"informe-del-torneo-de-padel-gps-de-munich","status":"publish","type":"post","link":"https:\/\/www.padel-test.de\/es\/noticias-de-padel\/informe-del-torneo-de-padel-gps-de-munich\/","title":{"rendered":"Informe del Torneo de P\u00e1del GPS de M\u00fanich"},"content":{"rendered":"<p>Para el II Torneo de Primavera de la <a href=\"\/es\/padel-club-muenchen\/\">Club de P\u00e1del de M\u00fanich<\/a>\u00a0a los equipos del club de p\u00e1del local se unieron otros participantes de Bernau, Fr\u00e1ncfort, Berl\u00edn e incluso Suiza.<\/p>\n<p>El fin de semana de Pentecost\u00e9s, del 23 al 25 de mayo, fue el escenario adecuado para este torneo masculino de GPS en la categor\u00eda B. Tras unos re\u00f1idos partidos de grupo, dos equipos del Padel Club M\u00fcnchen e.V. alcanzaron finalmente las respectivas semifinales (Isaac San Frutos, Tom Hillebrand y Javier Izcue, Thomas Birle), que, sin embargo, tuvieron que admitir la derrota ante los posteriores finalistas.<\/p>\n<p>As\u00ed lleg\u00f3 el \"enfrentamiento\" entre los actuales campeones de Alemania de p\u00e1del, Fabian Schmidt y Justus Herbert, y la pareja de dobles formada por Pablo Guerrero y Jos\u00e9 Blanquez, de Suiza. Los jugadores nacionales alemanes mantuvieron la ventaja y ganaron la final por 6:2 y 6:1.<\/p>\n<p>El equipo del Club de P\u00e1del de M\u00fanich quiere agradecer a todos los participantes y visitantes, a los patrocinadores\u00a0<a href=\"\/es\/torneos-de-padel-2\/\">Los d\u00edas 11 y 12 de julio se celebrar\u00e1 en M\u00fanich otro torneo de p\u00e1del con GPS.<\/a> que ya se est\u00e1 esperando.<\/p>","protected":false},"excerpt":{"rendered":"<p>Para el II Torneo de Primavera de la <a href=\"\/es\/padel-club-muenchen\/\">Club de P\u00e1del de M\u00fanich<\/a>\u00a0a los equipos del Club de P\u00e1del local se unieron otros participantes de Bernau, Frankfurt, Berl\u00edn e incluso Suiza. El fin de semana de Pentecost\u00e9s, del 23 al 25 de mayo, fue el escenario adecuado para este torneo masculino de GPS en la categor\u00eda B. Tras unos re\u00f1idos partidos de grupo, dos equipos del Padel Club M\u00fcnchen e.V. alcanzaron finalmente las respectivas semifinales...<\/p>","protected":false},"author":1,"featured_media":0,"comment_status":"open","ping_status":"open","sticky":false,"template":"","format":"standard","meta":{"_acf_changed":false,"_sitemap_exclude":false,"_sitemap_priority":"","_sitemap_frequency":"","_analytify_skip_tracking":false,"footnotes":""},"categories":[1],"tags":[],"sgg_keywords":[],"class_list":["post-17438","post","type-post","status-publish","format-standard","hentry","category-padel-news"],"acf":{"tweet":"","hinweis_an_redaktion":"","unternehmen":"","logo_unedited":""},"_links":{"self":[{"href":"https:\/\/www.padel-test.de\/es\/wp-json\/wp\/v2\/posts\/17438","targetHints":{"allow":["GET"]}}],"collection":[{"href":"https:\/\/www.padel-test.de\/es\/wp-json\/wp\/v2\/posts"}],"about":[{"href":"https:\/\/www.padel-test.de\/es\/wp-json\/wp\/v2\/types\/post"}],"author":[{"embeddable":true,"href":"https:\/\/www.padel-test.de\/es\/wp-json\/wp\/v2\/users\/1"}],"replies":[{"embeddable":true,"href":"https:\/\/www.padel-test.de\/es\/wp-json\/wp\/v2\/comments?post=17438"}],"version-history":[{"count":0,"href":"https:\/\/www.padel-test.de\/es\/wp-json\/wp\/v2\/posts\/17438\/revisions"}],"wp:attachment":[{"href":"https:\/\/www.padel-test.de\/es\/wp-json\/wp\/v2\/media?parent=17438"}],"wp:term":[{"taxonomy":"category","embeddable":true,"href":"https:\/\/www.padel-test.de\/es\/wp-json\/wp\/v2\/categories?post=17438"},{"taxonomy":"post_tag","embeddable":true,"href":"https:\/\/www.padel-test.de\/es\/wp-json\/wp\/v2\/tags?post=17438"},{"taxonomy":"sgg_keywords","embeddable":true,"href":"https:\/\/www.padel-test.de\/es\/wp-json\/wp\/v2\/sgg_keywords?post=17438"}],"curies":[{"name":"wp","href":"https:\/\/api.w.org\/{rel}","templated":true}]}}