{"id":17443,"date":"2016-07-04T22:00:00","date_gmt":"2016-07-04T22:00:00","guid":{"rendered":"http:\/\/www.padel-test.de\/padel-nachrichten\/1-padel-tennisplatz-in-karlsruhe-wird-eroffnet\/"},"modified":"2022-10-21T14:17:38","modified_gmt":"2022-10-21T14:17:38","slug":"se-abre-una-pista-de-padel-en-karlsruhe","status":"publish","type":"post","link":"https:\/\/www.padel-test.de\/es\/noticias-de-padel\/se-abre-una-pista-de-padel-en-karlsruhe\/","title":{"rendered":"Se inaugura la primera pista de p\u00e1del en Karlsruhe"},"content":{"rendered":"<p>El domingo, el <strong>10.07.2016<\/strong> celebra la <a href=\"\/es\/padel-durlach-aue\/\">SpVgg Durlach-Aue<\/a> un gran acontecimiento: se inaugurar\u00e1 la nueva pista de p\u00e1del en los terrenos del Estadio Oberwald. De 12:00 a 16:00 horas, los miembros de la Spielvereinigung y todos los visitantes interesados podr\u00e1n conocer mejor este deporte, especialmente extendido en Espa\u00f1a y Sudam\u00e9rica.<\/p>\n<p>Drei Jahre Planung waren n\u00f6tig, um diese Trendsportart nach Karlsruhe zu holen &#8211; jetzt endlich steht der neue Padel-Tennisplatz auf dem Gel\u00e4nde der Spielvereinigung. Zwischen der Tennishalle und den &#8222;normalen&#8220; Tennispl\u00e4tzen wurde der zwanzig auf zehn Meter gro\u00dfe Court errichtet.<\/p>\n<p>La particularidad de este deporte es que el p\u00e1del se juega normalmente siempre en dobles. Para poder presentar adecuadamente el nuevo deporte de moda a todos los interesados, el entrenador espa\u00f1ol de p\u00e1del Philipe Adam estar\u00e1 in situ para responder a todas las preguntas sobre la primera pista de p\u00e1del de Karlsruhe.<\/p>\n<p><span style=\"text-decoration: underline;\">Prensa y relaciones p\u00fablicas<\/span><br \/>\n<span style=\"line-height: 20.8px;\">Tobias Rieger\u00a0<\/span><br \/>\n<span style=\"line-height: 1.6em;\">SpVgg Durlach-Aue 1910 e.V.\u00a0<\/span><br \/>\n<span style=\"line-height: 1.6em;\">Erlachseeweg 1\u00a0<\/span><br \/>\n<span style=\"line-height: 1.6em;\">76227 Karlsruhe-Durlach\u00a0<\/span><\/p>\n<p>0170 900 1431<br \/>\n0721 605 3416<\/p>","protected":false},"excerpt":{"rendered":"<p>El domingo, 10.07.2016, el <a href=\"\/es\/padel-durlach-aue\/\">SpVgg Durlach-Aue<\/a> un gran acontecimiento: se inaugurar\u00e1 la nueva pista de p\u00e1del en los terrenos del Estadio Oberwald. Desde las 12:00 hasta las 16:00, los miembros de la Spielvereinigung y todos los visitantes interesados podr\u00e1n conocer mejor este deporte, especialmente extendido en Espa\u00f1a y Sudam\u00e9rica...<\/p>","protected":false},"author":1,"featured_media":0,"comment_status":"open","ping_status":"open","sticky":false,"template":"","format":"standard","meta":{"_acf_changed":false,"_sitemap_exclude":false,"_sitemap_priority":"","_sitemap_frequency":"","_analytify_skip_tracking":false,"footnotes":""},"categories":[1],"tags":[197,192],"sgg_keywords":[],"class_list":["post-17443","post","type-post","status-publish","format-standard","hentry","category-padel-news","tag-karlsruhe","tag-padel-platzbauer"],"acf":{"tweet":"","hinweis_an_redaktion":"","unternehmen":"","logo_unedited":""},"_links":{"self":[{"href":"https:\/\/www.padel-test.de\/es\/wp-json\/wp\/v2\/posts\/17443","targetHints":{"allow":["GET"]}}],"collection":[{"href":"https:\/\/www.padel-test.de\/es\/wp-json\/wp\/v2\/posts"}],"about":[{"href":"https:\/\/www.padel-test.de\/es\/wp-json\/wp\/v2\/types\/post"}],"author":[{"embeddable":true,"href":"https:\/\/www.padel-test.de\/es\/wp-json\/wp\/v2\/users\/1"}],"replies":[{"embeddable":true,"href":"https:\/\/www.padel-test.de\/es\/wp-json\/wp\/v2\/comments?post=17443"}],"version-history":[{"count":0,"href":"https:\/\/www.padel-test.de\/es\/wp-json\/wp\/v2\/posts\/17443\/revisions"}],"wp:attachment":[{"href":"https:\/\/www.padel-test.de\/es\/wp-json\/wp\/v2\/media?parent=17443"}],"wp:term":[{"taxonomy":"category","embeddable":true,"href":"https:\/\/www.padel-test.de\/es\/wp-json\/wp\/v2\/categories?post=17443"},{"taxonomy":"post_tag","embeddable":true,"href":"https:\/\/www.padel-test.de\/es\/wp-json\/wp\/v2\/tags?post=17443"},{"taxonomy":"sgg_keywords","embeddable":true,"href":"https:\/\/www.padel-test.de\/es\/wp-json\/wp\/v2\/sgg_keywords?post=17443"}],"curies":[{"name":"wp","href":"https:\/\/api.w.org\/{rel}","templated":true}]}}