{"id":17530,"date":"2015-10-22T22:00:00","date_gmt":"2015-10-22T22:00:00","guid":{"rendered":"http:\/\/www.padel-test.de\/padel-nachrichten\/mauricio-munoz-uber-das-chaos-vor-den-12-world-open-padel-championships-in-malaga\/"},"modified":"2022-10-21T14:17:39","modified_gmt":"2022-10-21T14:17:39","slug":"mauricio-munoz-sobre-el-caos-previo-a-los-12-campeonatos-del-mundo-open-de-padel-en-malaga","status":"publish","type":"post","link":"https:\/\/www.padel-test.de\/es\/noticias-de-padel\/mauricio-munoz-sobre-el-caos-previo-a-los-12-campeonatos-del-mundo-open-de-padel-en-malaga\/","title":{"rendered":"Mauricio Mu\u00f1oz en el caos previo al XII Campeonato Mundial de P\u00e1del Open de M\u00e1laga"},"content":{"rendered":"<p><strong>Comentario de\u00a0<span style=\"line-height: 20.8px;\">Mauricio Mu\u00f1oz habla de la agitaci\u00f3n previa al Mundial de P\u00e1del Open de M\u00e1laga:<\/span><\/strong><\/p>\n<p><em>&#8222;Ich m\u00f6chte gerne den schwierigen Moment, den die geselligste und unterhaltendste Sportart,<span style=\"line-height: 20.8px;\">\u00a0El p\u00e1del,<\/span>\u00a0que acaba de experimentar, en palabras. <\/em><\/p>\n<p><em>Para empezar, quiero manifestar que es insoportable y terrible que la competici\u00f3n m\u00e1s importante para los jugadores internacionales, especialmente fuera de Espa\u00f1a, se cancele de esta manera. <\/em><\/p>\n<p><em>Estoy convencido de que la Federaci\u00f3n Internacional de P\u00e1del est\u00e1 haciendo un trabajo impecable para unir al p\u00e1del en todo el mundo y promoverlo internacionalmente. He o\u00eddo que los jugadores de B\u00e9lgica, Alemania, Suiza y Holanda (que realmente quer\u00edan participar en el torneo) dicen que no entienden c\u00f3mo puede ocurrir esto y que no hay una explicaci\u00f3n l\u00f3gica.<\/em><\/p>\n<p><em>Una vez m\u00e1s, el crecimiento del deporte est\u00e1 siendo da\u00f1ado de forma permanente e irreparable:<br \/>\nHay una parte, que desde mi punto de vista es la m\u00e1s importante, que los responsables no se ponen de acuerdo con los jugadores profesionales respecto a la participaci\u00f3n en esta competici\u00f3n internacional. <\/em><\/p>\n<p><em>Por otro lado, tambi\u00e9n tienen que entender que un jugador alem\u00e1n, suizo, holand\u00e9s o belga haya tenido que solicitar una excedencia en su trabajo para poder vivir su gran sue\u00f1o de participar en esta competici\u00f3n, y que adem\u00e1s invierta dinero para poder participar. <\/em><\/p>\n<p><em>Me gustar\u00eda que los responsables de este deporte, ya sean jugadores, federaciones, marcas o empresas que lo representan, miraran m\u00e1s all\u00e1 de los intereses econ\u00f3micos y que, junto con la FIP, se pudieran crear sinergias para unir el p\u00e1del y respetar la fuerza y la pasi\u00f3n que todos ponen en este deporte. <\/em><\/p>\n<p><em>Weiterhin tr\u00e4ume ich davon, dass Padel auf der ganzen Welt gespielt wird, und eines Tages sogar olympische Disziplin wird. Ich hoffe, dass diejenigen, welche f\u00fcr die Absage des Turniers verantwortlich sind, von diesem Albtraum erwachen, welchen wir heute erleben mussten, und den irreparablen Schaden dieser Entscheidung versuchen zu reparieren!&#8220;<\/em><\/p>\n<p>Traducido del espa\u00f1ol por la entusiasta del p\u00e1del Anita R\u00f6sler, Berl\u00edn - \u00a1\u00a1\u00a1muchas gracias por la reacci\u00f3n de la prueba de p\u00e1del!!!<\/p>\n<p><u>En el original (espa\u00f1ol):<\/u><\/p>\n<p><em>&#8222;Me gustaria expresar en estos momentos dificiles sobre el deporte mas social y divertido del mundo, el Padel.<\/em><\/p>\n<p><em>Para empezar a creernos en la internacionalizaci\u00f3n del Padel es intorable y de mal gusto que la competici\u00f3n m\u00e1s importante para muchos jugadores internacionales, especialmente fuera de Espa\u00f1a, se suspenda o se cancele de estas maneras.<\/em><\/p>\n<p><em>Estoy convencido que la Federacion Internacional de Padel Esta haciendo una labor impecable a la hora de unir el Padel mundial para que esto de la internacionalizacion sea una realidad.<\/em><\/p>\n<p><em>Escuchar a los jugadores que supuestamente iban a competir de pa\u00edses como Belgica, Alemania, Suecia, Holanda, y decir que no entienden como puede suceder esto con el Padel, no encuentran explicaci\u00f3n l\u00f3gica a todo este episodio, donde una vez m\u00e1s se da\u00f1a de una manera irreparable el crecimiento y la internacionalizaci\u00f3n del Padel.<\/em><\/p>\n<p><em>Hay una parte y creo que para mi la mas importante, que los responsables de no llegar a un acuerdo con los jugadores profesionales en la participacion del Campeonato del Mundo, tienen que entender que un jugador Aleman, Sueco, Belga, Holandes y de otros paises, han tenido que pedir d\u00edas de sus vacaciones en sus respectivos trabajos para poder estar presentes con su mayor ilusi\u00f3n en un Campeonato del mundo, y que todos ellos ponen dinero de su bolsillo para poder participar con la mayor ilusi\u00f3n, jamas imaginada en una competici\u00f3n de este calibre.<\/em><\/p>\n<p><em>Solo me gustaria que muchos responsables de este deporte, ya sean jugadores, federaciones, Marcas y Empresas relacionadas al Padel, que por favor miren mas alla de sus intereses economicos y que de una vez junto a la Federacion Internacional de Padel, juntemos todas esas sinergias para un Padel unificado, para un Padel Limpio, para un Padel con el desarrollo correcto en todos los aspectos sean deportivos o federativos, y que de una vez por todas nos respetemos unos a los otros por tanto esfuerzo y cari\u00f1o que todos en alg\u00fan momento le dedicamos a este gran Deporte.<\/em><\/p>\n<p><em>Sin mas que decir, solo sigo so\u00f1ando con que el Padel llegue a jugarse en todo el Mundo y algun dia pueda ser deporte Olimpico, espero que este sue\u00f1o los responsables de la suspension de Esta competicion despierten de la pesadilla que hoy nos toca vivir y reparen el da\u00f1o irreparable de Esta decision.<\/em><\/p>\n<p><em>saludo a todos&#8220;<\/em><\/p>\n<p>Mauricio Mu\u00f1oz<\/p>","protected":false},"excerpt":{"rendered":"<p>Mauricio Mu\u00f1oz comenta la agitaci\u00f3n previa al Mundial de P\u00e1del Open de M\u00e1laga: \"Me gustar\u00eda poner en palabras el dif\u00edcil momento que atraviesa el deporte m\u00e1s sociable y divertido, el p\u00e1del. Para empezar, me gustar\u00eda decir que es insoportable y malo...<\/p>","protected":false},"author":1,"featured_media":0,"comment_status":"open","ping_status":"open","sticky":false,"template":"","format":"standard","meta":{"_acf_changed":false,"_sitemap_exclude":false,"_sitemap_priority":"","_sitemap_frequency":"","_analytify_skip_tracking":false,"footnotes":""},"categories":[1],"tags":[],"sgg_keywords":[],"class_list":["post-17530","post","type-post","status-publish","format-standard","hentry","category-padel-news"],"acf":{"tweet":"","hinweis_an_redaktion":"","unternehmen":"","logo_unedited":""},"_links":{"self":[{"href":"https:\/\/www.padel-test.de\/es\/wp-json\/wp\/v2\/posts\/17530","targetHints":{"allow":["GET"]}}],"collection":[{"href":"https:\/\/www.padel-test.de\/es\/wp-json\/wp\/v2\/posts"}],"about":[{"href":"https:\/\/www.padel-test.de\/es\/wp-json\/wp\/v2\/types\/post"}],"author":[{"embeddable":true,"href":"https:\/\/www.padel-test.de\/es\/wp-json\/wp\/v2\/users\/1"}],"replies":[{"embeddable":true,"href":"https:\/\/www.padel-test.de\/es\/wp-json\/wp\/v2\/comments?post=17530"}],"version-history":[{"count":0,"href":"https:\/\/www.padel-test.de\/es\/wp-json\/wp\/v2\/posts\/17530\/revisions"}],"wp:attachment":[{"href":"https:\/\/www.padel-test.de\/es\/wp-json\/wp\/v2\/media?parent=17530"}],"wp:term":[{"taxonomy":"category","embeddable":true,"href":"https:\/\/www.padel-test.de\/es\/wp-json\/wp\/v2\/categories?post=17530"},{"taxonomy":"post_tag","embeddable":true,"href":"https:\/\/www.padel-test.de\/es\/wp-json\/wp\/v2\/tags?post=17530"},{"taxonomy":"sgg_keywords","embeddable":true,"href":"https:\/\/www.padel-test.de\/es\/wp-json\/wp\/v2\/sgg_keywords?post=17530"}],"curies":[{"name":"wp","href":"https:\/\/api.w.org\/{rel}","templated":true}]}}