{"id":17547,"date":"2017-12-04T10:32:28","date_gmt":"2017-12-04T10:32:28","guid":{"rendered":"http:\/\/www.padel-test.de\/padel-nachrichten\/padel-base-werne-eroeffnungsturnier-hochkaraetigen-gaesten\/"},"modified":"2022-10-21T14:17:10","modified_gmt":"2022-10-21T14:17:10","slug":"torneo-inaugural-de-padel-base-werne-con-invitados-de-lujo","status":"publish","type":"post","link":"https:\/\/www.padel-test.de\/es\/noticias-de-padel\/torneo-inaugural-de-padel-base-werne-con-invitados-de-lujo\/","title":{"rendered":"Padel Base Werne: Torneo inaugural con invitados de primer nivel"},"content":{"rendered":"<p><strong style=\"font-size: 16px;\"><a href=\"\/es\/padel-tenis-werne\/\">Padel Base Werne<\/a>: <\/strong><span style=\"font-size: 16px;\">El domingo 17 de diciembre, Pap\u00e1 Noel llegar\u00e1 a Werne para traer dos nuevos \"<\/span><a style=\"font-size: 16px;\" href=\"\/es\/trendsport-rummenigge-padel-court-building\/\">Deporte de tendencia Rummenigge<\/a><span style=\"font-size: 16px;\">&#8220; mit.<\/span>Mientras tanto, las obras se han completado y el domingo 17.12. a las 12.00 horas, por fin ha llegado el momento: las dos pistas de p\u00e1del y una pista multifuncional se inaugurar\u00e1n en el transcurso de un <a href=\"\/es\/torneos-de-padel-2\/\">Torneos de p\u00e1del<\/a> abierto.<\/p>\n<p>Gastgeber sind Simone und Thorsten &#8222;Kirsche&#8220; Hirsch, die zusammen mit viel Sportprominenz wie z.B. Michael Rummenigge und lokalen Sportgr\u00f6\u00dfen aus Fu\u00dfball, Tennis und Basketball und dem Vorstand des DPB (<a href=\"\/es\/federacion-alemana-de-padel\/\">Federaci\u00f3n Alemana de P\u00e1del<\/a>) en el <a href=\"\/es\/padel-tenis-werne\/\">Baaken 41 en Werne<\/a> inaugurar oficialmente la Base de Padel de Werne.<\/p>\n<p>Para que los espectadores tengan algo que ver, los mejores jugadores de Alemania, Espa\u00f1a y Argentina demostrar\u00e1n por qu\u00e9 el p\u00e1del es un deporte tan espectacular en partidos de exhibici\u00f3n.<\/p>\n<p>Los partidos del Show de P\u00e1del ser\u00e1n presentados por Darek Nowicki (n\u00famero 1 de p\u00e1del en Alemania), Jens Knippschild (jugador de p\u00e1del de primera l\u00ednea y ex jugador de la Copa Davisc), Nicola Notthoff (jugadora del Top 5 de p\u00e1del en Alemania), Gustavo Re (ex profesional de p\u00e1del de Argentina), Marcel Maltritz (ex jugador de f\u00fatbol profesional del VFL Bochum) y el entrenador de p\u00e1del Thomas L\u00f6negren (propietario del <a href=\"https:\/\/www.tennis-padel.de\/\" target=\"_blank\" rel=\"nofollow noopener noreferrer\">Academia de Tenis y P\u00e1del L\u00f6negren<\/a> y campe\u00f3n alem\u00e1n de tenis con BW Dinslaken (como entrenador)).<\/p>\n<p>Por cierto, la sala est\u00e1 abierta los siete d\u00edas de la semana, de 10.00 a 23.00 horas.<\/p>\n<p><strong>Tiempos de Juego Padel Base Werne<\/strong><\/p>\n<ul>\n<li>De lunes a viernes de 10.00 a 17.30, 45 minutos cuestan 20 euros.<\/li>\n<li>De lunes a viernes de 17:30 a 22:30, 45 minutos cuestan 28 euros.<\/li>\n<li>S\u00e1bado y domingo de 10:00 a 22:30, 45 minutos cuestan 28 euros.<\/li>\n<li>Las raquetas de p\u00e1del y las pelotas de p\u00e1del se proporcionan de forma gratuita.<\/li>\n<\/ul>\n<p>&nbsp;<\/p>\n<p>Aqu\u00ed tienes un peque\u00f1o avance de las pistas de p\u00e1del de Werne:<\/p>\n<div id=\"attachment_4329\" style=\"width: 660px\" class=\"wp-caption alignnone\"><img loading=\"lazy\" decoding=\"async\" aria-describedby=\"caption-attachment-4329\" class=\"wp-image-4329 size-full\" src=\"https:\/\/www.padel-test.de\/wp-content\/uploads\/2022\/09\/padel_base_werne_ruhrgebiet_padelplatz.jpg\" alt=\"Base de P\u00e1del Werne Zona del Ruhr Corte de P\u00e1del\" width=\"650\" height=\"488\" \/><p id=\"caption-attachment-4329\" class=\"wp-caption-text\">Padel Base Werne<\/p><\/div>","protected":false},"excerpt":{"rendered":"<p><strong><a href=\"\/es\/padel-tenis-werne\/\">Padel Base Werne<\/a>: <\/strong>El domingo 17 de diciembre, Pap\u00e1 Noel llegar\u00e1 a Werne para traer dos nuevos \"<a href=\"\/es\/trendsport-rummenigge-padel-court-building\/\">Deporte de tendencia Rummenigge<\/a>\"con. Las obras ya han finalizado y el domingo 17 de diciembre a las 12.00 horas por fin ha llegado el momento: las dos pistas de p\u00e1del y una pista multifuncional...<\/p>","protected":false},"author":1,"featured_media":14301,"comment_status":"open","ping_status":"open","sticky":false,"template":"","format":"standard","meta":{"_acf_changed":false,"_sitemap_exclude":false,"_sitemap_priority":"","_sitemap_frequency":"","_analytify_skip_tracking":false,"footnotes":""},"categories":[1],"tags":[199,225],"sgg_keywords":[],"class_list":["post-17547","post","type-post","status-publish","format-standard","has-post-thumbnail","hentry","category-padel-news","tag-padel-turnier","tag-werne"],"acf":{"tweet":"","hinweis_an_redaktion":"","unternehmen":"","logo_unedited":""},"_links":{"self":[{"href":"https:\/\/www.padel-test.de\/es\/wp-json\/wp\/v2\/posts\/17547","targetHints":{"allow":["GET"]}}],"collection":[{"href":"https:\/\/www.padel-test.de\/es\/wp-json\/wp\/v2\/posts"}],"about":[{"href":"https:\/\/www.padel-test.de\/es\/wp-json\/wp\/v2\/types\/post"}],"author":[{"embeddable":true,"href":"https:\/\/www.padel-test.de\/es\/wp-json\/wp\/v2\/users\/1"}],"replies":[{"embeddable":true,"href":"https:\/\/www.padel-test.de\/es\/wp-json\/wp\/v2\/comments?post=17547"}],"version-history":[{"count":0,"href":"https:\/\/www.padel-test.de\/es\/wp-json\/wp\/v2\/posts\/17547\/revisions"}],"wp:featuredmedia":[{"embeddable":true,"href":"https:\/\/www.padel-test.de\/es\/wp-json\/wp\/v2\/media\/14301"}],"wp:attachment":[{"href":"https:\/\/www.padel-test.de\/es\/wp-json\/wp\/v2\/media?parent=17547"}],"wp:term":[{"taxonomy":"category","embeddable":true,"href":"https:\/\/www.padel-test.de\/es\/wp-json\/wp\/v2\/categories?post=17547"},{"taxonomy":"post_tag","embeddable":true,"href":"https:\/\/www.padel-test.de\/es\/wp-json\/wp\/v2\/tags?post=17547"},{"taxonomy":"sgg_keywords","embeddable":true,"href":"https:\/\/www.padel-test.de\/es\/wp-json\/wp\/v2\/sgg_keywords?post=17547"}],"curies":[{"name":"wp","href":"https:\/\/api.w.org\/{rel}","templated":true}]}}