{"id":17572,"date":"2019-05-16T10:10:40","date_gmt":"2019-05-16T10:10:40","guid":{"rendered":"http:\/\/www.padel-test.de\/padel-nachrichten\/menorca-open-2019-world-padel-tour-urlaub-einem\/"},"modified":"2022-10-21T14:17:36","modified_gmt":"2022-10-21T14:17:36","slug":"menorca-open-2019-world-padel-tour-vacaciones-uno","status":"publish","type":"post","link":"https:\/\/www.padel-test.de\/es\/noticias-de-padel\/menorca-open-2019-world-padel-tour-vacaciones-uno\/","title":{"rendered":"Menorca Open 2019 - \u00a1World Padel Tour y vacaciones en uno!"},"content":{"rendered":"<p><a href=\"\/es\/padel-test\/\">Prueba de p\u00e1del<\/a>Del 9 al 13 de octubre de 2019 se celebrar\u00e1 en Menorca un torneo del World Padel Tour. Su oportunidad de ver a los mejores jugadores de p\u00e1del del mundo en directo y, al mismo tiempo, de pasar unas estupendas vacaciones cuando ya hace fr\u00edo oto\u00f1al en Alemania. \u00bfQu\u00e9 le parece ver a los mejores jugadores de p\u00e1del del mundo en directo y, al mismo tiempo, pasarlo en grande en las hermosas playas de la isla?<\/p>\n<p><strong>Planeado:<\/strong><\/p>\n<ul>\n<li>Una estancia de 5 d\u00edas en la hermosa isla de Menorca<\/li>\n<li>Vive en directo los cuartos de final y las semifinales del World Padel Tour en el Menorca Open 2019<\/li>\n<li>Rel\u00e1jese en las playas de arena fina de Menorca<\/li>\n<li>Mueva la raqueta de p\u00e1del usted mismo en el lugar y juegue contra los lugare\u00f1os<\/li>\n<li>Habla con otros man\u00edacos del p\u00e1del y pasa un buen rato<\/li>\n<\/ul>\n<p>&nbsp;<\/p>\n<p><strong>Los datos clave:<\/strong><\/p>\n<p>Del 9 al 13 de octubre de 2019 (de mi\u00e9rcoles a domingo)<\/p>\n<p>&nbsp;<\/p>\n<p><strong>Hotel: <\/strong><\/p>\n<p><strong>Occidental Menorca****<\/strong><\/p>\n<ul>\n<li>(4 noches con desayuno buffet), a 100m de la playa, a 10min de la sede del WPT.<\/li>\n<li>Con parque deportivo (incluye 2 pistas de p\u00e1del)<\/li>\n<li>Entradas para el WPT para el viernes y el s\u00e1bado (= cuartos y semifinales)<\/li>\n<li>Coche de alquiler (5 d\u00edas, seguro a todo riesgo) desde el aeropuerto de Mah\u00f3n en Menorca<\/li>\n<\/ul>\n<p>&nbsp;<\/p>\n<p><strong>El Open de Menorca 2019<\/strong><\/p>\n<p>Los partidos se disputar\u00e1n en el Pabell\u00f3n de Menorca, que ofrece espacio para 5.000 espectadores. El viernes y el s\u00e1bado podremos admirar a los mejores jugadores de p\u00e1del del mundo y ver sus espectaculares peloteos<br \/>\nCon los cuartos de final y las semifinales masculinos y femeninos, tenemos la oportunidad de ver en directo varios partidos de primera categor\u00eda.<br \/>\n<strong>Los costes:<\/strong><\/p>\n<table class=\"mcntMsoNormalTable\" style=\"height: 197px;\" border=\"0\" width=\"414\">\n<tbody>\n<tr>\n<td valign=\"top\" width=\"304\">\n<p class=\"mcntMsoNormal\">Personas<\/p>\n<\/td>\n<td valign=\"top\" width=\"304\">\n<p class=\"mcntMsoNormal\">Habitaci\u00f3n individual<br \/>\ncon 1 persona<\/p>\n<\/td>\n<td valign=\"top\" width=\"304\">\n<p class=\"mcntMsoNormal\">Habitaci\u00f3n doble<br \/>\ncon 2 personas<\/p>\n<\/td>\n<td valign=\"top\" width=\"304\">\n<p class=\"mcntMsoNormal\">Sala de estar<br \/>\ncon 4 personas<\/p>\n<\/td>\n<\/tr>\n<tr>\n<td valign=\"top\" width=\"304\">\n<p class=\"mcntMsoNormal\">Precio por persona<\/p>\n<\/td>\n<td valign=\"top\" width=\"304\">\n<p class=\"mcntMsoNormal\">550 euros<br \/>\nIVA incluido*.<\/p>\n<\/td>\n<td valign=\"top\" width=\"304\">\n<p class=\"mcntMsoNormal\">450 euros<br \/>\nIVA incluido **<\/p>\n<\/td>\n<td valign=\"top\" width=\"304\">\n<p class=\"mcntMsoNormal\">400 euros<br \/>\nIVA incluido **<\/p>\n<\/td>\n<\/tr>\n<\/tbody>\n<\/table>\n<p><em>Descuento por reserva anticipada desde 10% hasta el 31 de mayo de 2019<\/em><\/p>\n<p>&nbsp;<\/p>\n<p><strong>Condiciones de pago:<br \/>\n<\/strong>Por transferencia bancaria. 50% de dep\u00f3sito en el momento de la reserva. El resto de 50% antes del 31\/07\/2019.<\/p>\n<p><strong>Servicios incluidos<\/strong><\/p>\n<ul>\n<li>4 noches con desayuno buffet en ****Hotel<\/li>\n<li>5 d\u00edas de alquiler de coche (Audi A1 con seguro a todo riesgo)<\/li>\n<li>Entradas (2\u00aa categor\u00eda) WPT para el viernes y el s\u00e1bado<\/li>\n<li>Alquiler de espacio para un total de 8h<\/li>\n<li>Juegos contra los locales<\/li>\n<\/ul>\n<p><strong>Servicios exclusivos<\/strong><\/p>\n<ul>\n<li>Vuelos a\/desde Menorca<\/li>\n<li>Gasolina para el coche de alquiler<\/li>\n<li>Comidas (excepto el desayuno)<\/li>\n<li>Lecciones de entrenamiento (si se desea)<\/li>\n<li>Alquiler de raquetas y pelotas (disponibles in situ)<\/li>\n<li>Actividades (si se desea)<\/li>\n<\/ul>\n<p>&nbsp;<\/p>\n<p><strong>Contacto:<\/strong><\/p>\n<p>Thomas L\u00f6negren<br \/>\n+49 176 20 12 36 01<br \/>\ninfo@tl-tennis-padel.de<\/p>\n<p>&nbsp;<\/p>\n<div id=\"attachment_6343\" style=\"width: 610px\" class=\"wp-caption aligncenter\"><img loading=\"lazy\" decoding=\"async\" aria-describedby=\"caption-attachment-6343\" class=\"wp-image-6343 size-full\" src=\"https:\/\/www.padel-test.de\/wp-content\/uploads\/2022\/09\/German-Menorca-Open-2019.png\" alt=\"WPT Menorca Open 2019\" width=\"600\" height=\"849\" \/><p id=\"caption-attachment-6343\" class=\"wp-caption-text\">WPT Menorca Open 2019<\/p><\/div>","protected":false},"excerpt":{"rendered":"<p>Del 9 al 13 de octubre de 2019 tendr\u00e1 lugar en Menorca un torneo del Wolrd Padel Tour.  Tu oportunidad de ver de cerca a los mejores jugadores de p\u00e1del del mundo y pasar unas buenas vacaciones al mismo tiempo....<\/p>","protected":false},"author":1,"featured_media":14333,"comment_status":"open","ping_status":"open","sticky":false,"template":"","format":"standard","meta":{"_acf_changed":false,"_sitemap_exclude":false,"_sitemap_priority":"","_sitemap_frequency":"","_analytify_skip_tracking":false,"footnotes":""},"categories":[1],"tags":[237,205,238],"sgg_keywords":[],"class_list":["post-17572","post","type-post","status-publish","format-standard","has-post-thumbnail","hentry","category-padel-news","tag-menorca","tag-padel-training","tag-world-padel-tour"],"acf":{"tweet":"","hinweis_an_redaktion":"","unternehmen":"","logo_unedited":""},"_links":{"self":[{"href":"https:\/\/www.padel-test.de\/es\/wp-json\/wp\/v2\/posts\/17572","targetHints":{"allow":["GET"]}}],"collection":[{"href":"https:\/\/www.padel-test.de\/es\/wp-json\/wp\/v2\/posts"}],"about":[{"href":"https:\/\/www.padel-test.de\/es\/wp-json\/wp\/v2\/types\/post"}],"author":[{"embeddable":true,"href":"https:\/\/www.padel-test.de\/es\/wp-json\/wp\/v2\/users\/1"}],"replies":[{"embeddable":true,"href":"https:\/\/www.padel-test.de\/es\/wp-json\/wp\/v2\/comments?post=17572"}],"version-history":[{"count":0,"href":"https:\/\/www.padel-test.de\/es\/wp-json\/wp\/v2\/posts\/17572\/revisions"}],"wp:featuredmedia":[{"embeddable":true,"href":"https:\/\/www.padel-test.de\/es\/wp-json\/wp\/v2\/media\/14333"}],"wp:attachment":[{"href":"https:\/\/www.padel-test.de\/es\/wp-json\/wp\/v2\/media?parent=17572"}],"wp:term":[{"taxonomy":"category","embeddable":true,"href":"https:\/\/www.padel-test.de\/es\/wp-json\/wp\/v2\/categories?post=17572"},{"taxonomy":"post_tag","embeddable":true,"href":"https:\/\/www.padel-test.de\/es\/wp-json\/wp\/v2\/tags?post=17572"},{"taxonomy":"sgg_keywords","embeddable":true,"href":"https:\/\/www.padel-test.de\/es\/wp-json\/wp\/v2\/sgg_keywords?post=17572"}],"curies":[{"name":"wp","href":"https:\/\/api.w.org\/{rel}","templated":true}]}}