{"id":17583,"date":"2019-06-22T17:13:51","date_gmt":"2019-06-22T17:13:51","guid":{"rendered":"http:\/\/www.padel-test.de\/padel-nachrichten\/carta-aberta-a-dpv\/"},"modified":"2022-10-21T14:17:30","modified_gmt":"2022-10-21T14:17:30","slug":"carta-aberta-a-dpv","status":"publish","type":"post","link":"https:\/\/www.padel-test.de\/es\/noticias-de-padel\/carta-aberta-a-dpv\/","title":{"rendered":"Carta aberta a DPV - Versi\u00f3n en portugu\u00e9s"},"content":{"rendered":"<p>Caro Sr. de Dahle,<\/p>\n<p>en el sitio web de la Asociaci\u00f3n Alemana de P\u00e1del, designe a su presidente.<\/p>\n<p>Como los correos electr\u00f3nicos no son respondidos regularmente por la DPV, nosotros (como miembros de la DPV) decidimos el camino de la carta abierta.<\/p>\n<p>&nbsp;<\/p>\n<p><strong>En concreto, nos gustar\u00eda pedir una opini\u00f3n sobre el siguiente proceso:<\/strong><\/p>\n<p>El Sr. Darek Nowicki, el jugador de p\u00e1del alem\u00e1n de mayor \u00e9xito hasta la fecha, ha sido nombrado oficialmente representante del p\u00e1del alem\u00e1n para la EuroAmerika Padel Cup del 4 al 6 de julio en Estoril por Willy Lahoz (Padel Profissional - Capit\u00e3o Team Europa).<\/p>\n<p>En vez de esperar por esta liga o de parabenizar y apoyar al jugador, has hablado con los organizadores (tenemos varias pruebas) y has afirmado que el Sr. Nowicki ha sido suspendido por la DPV en todos los eventos del Padel. Un paso muy antidesportivo y tambi\u00e9n contraproducente para el desarrollo del deporte del padel alem\u00e1n.<\/p>\n<p>Adem\u00e1s, no estamos al tanto de la suspensi\u00f3n del deportista Darek Nowicki. Por cierto, no es el \u00fanico jugador de p\u00e1del en Alemania.<\/p>\n<p>&nbsp;<\/p>\n<p>Como miembros del DPV, pedimos que nos explique lo siguiente:<\/p>\n<p><strong>1) \u00bfC\u00f3mo se siente capacitado para faltar a la DPV (como presidente)?<\/strong><\/p>\n<p>De acuerdo con el \u00faltimo registro de asociaciones del 21 de junio de 2019, usted no pertenece al consejo de la DPV (aqu\u00ed una comparaci\u00f3n de los datos del registro de clubes en Colonia con los del sitio de la DPV).<\/p>\n<p>&nbsp;<\/p>\n<p><strong>\u00a02) \u00bfCu\u00e1ndo y c\u00f3mo el Sr. Nowicki deber\u00eda haber sido suspendido por la DPV?<\/strong><\/p>\n<p>Tal prohibici\u00f3n no puede ser impuesta arbitrariamente y debe ser decidida en una reuni\u00f3n general o, al menos, debe ser presentada all\u00ed. En ninguna reuni\u00f3n general desde 2010 puede encontrarse una nota correspondiente. Adem\u00e1s, el jugador debe ser informado sobre esto y tambi\u00e9n debe trabajar. Esto tampoco ocurri\u00f3. Entonces, \u00bfa qu\u00e9 te refieres cuando se produce la suspensi\u00f3n de un jugador?<\/p>\n<p>&nbsp;<\/p>\n<p>Estamos ansiosos por su respuesta en breve.<br \/>\n- TC Niddapark<br \/>\n- David Ernsting<br \/>\n- Dirk Jungels<\/p>\n<p>-&gt; Los firmantes son todos miembros de la DPV<\/p>\n<p>&nbsp;<\/p>\n<p>Anexo: Registro de Asociaci\u00f3n Actual - VR 16389 en el Tribunal Distrital de Colonia - 21 de junio de 2019<\/p>\n<div id=\"attachment_6689\" style=\"width: 605px\" class=\"wp-caption alignnone\"><img loading=\"lazy\" decoding=\"async\" aria-describedby=\"caption-attachment-6689\" class=\"wp-image-6689 size-full\" src=\"https:\/\/www.padel-test.de\/wp-content\/uploads\/2022\/09\/Deutscher-Padel-Verband-VR_16389Aktueller_Abdruck.jpg\" alt=\"Asociaci\u00f3n Alemana de P\u00e1del VR 16389+Impresi\u00f3n actual 21 de junio de 2019\" width=\"595\" height=\"842\" \/><p id=\"caption-attachment-6689\" class=\"wp-caption-text\">Asociaci\u00f3n Alemana de P\u00e1del VR 16389+Impresi\u00f3n actual 21 de junio de 2019<\/p><\/div>\n<p>&nbsp;<\/p>\n<p>&nbsp;<\/p>\n<p style=\"text-align: center;\"><strong>Nota del editor:<\/strong><\/p>\n<p style=\"text-align: center;\"><strong>En breve publicaremos tambi\u00e9n un art\u00edculo detallado sobre el <em>Asamblea General<\/em> de la DPV el 19 de mayo de 2019 en Hamburgo.<\/strong><\/p>\n<p>&nbsp;<\/p>","protected":false},"excerpt":{"rendered":"<p>Caro Sr. von Dahle,en el sitio de la Asociaci\u00f3n Alemana de Padel se designa como su presidente.Como los correos electr\u00f3nicos no son respondidos regularmente por la DPV, nosotros (como miembros de la DPV) decidimos el camino ...<\/p>","protected":false},"author":1,"featured_media":14349,"comment_status":"open","ping_status":"open","sticky":false,"template":"","format":"standard","meta":{"_acf_changed":false,"_sitemap_exclude":false,"_sitemap_priority":"","_sitemap_frequency":"","_analytify_skip_tracking":false,"footnotes":""},"categories":[1],"tags":[230],"sgg_keywords":[],"class_list":["post-17583","post","type-post","status-publish","format-standard","has-post-thumbnail","hentry","category-padel-news","tag-dpv"],"acf":{"tweet":"","hinweis_an_redaktion":"","unternehmen":"","logo_unedited":""},"_links":{"self":[{"href":"https:\/\/www.padel-test.de\/es\/wp-json\/wp\/v2\/posts\/17583","targetHints":{"allow":["GET"]}}],"collection":[{"href":"https:\/\/www.padel-test.de\/es\/wp-json\/wp\/v2\/posts"}],"about":[{"href":"https:\/\/www.padel-test.de\/es\/wp-json\/wp\/v2\/types\/post"}],"author":[{"embeddable":true,"href":"https:\/\/www.padel-test.de\/es\/wp-json\/wp\/v2\/users\/1"}],"replies":[{"embeddable":true,"href":"https:\/\/www.padel-test.de\/es\/wp-json\/wp\/v2\/comments?post=17583"}],"version-history":[{"count":0,"href":"https:\/\/www.padel-test.de\/es\/wp-json\/wp\/v2\/posts\/17583\/revisions"}],"wp:featuredmedia":[{"embeddable":true,"href":"https:\/\/www.padel-test.de\/es\/wp-json\/wp\/v2\/media\/14349"}],"wp:attachment":[{"href":"https:\/\/www.padel-test.de\/es\/wp-json\/wp\/v2\/media?parent=17583"}],"wp:term":[{"taxonomy":"category","embeddable":true,"href":"https:\/\/www.padel-test.de\/es\/wp-json\/wp\/v2\/categories?post=17583"},{"taxonomy":"post_tag","embeddable":true,"href":"https:\/\/www.padel-test.de\/es\/wp-json\/wp\/v2\/tags?post=17583"},{"taxonomy":"sgg_keywords","embeddable":true,"href":"https:\/\/www.padel-test.de\/es\/wp-json\/wp\/v2\/sgg_keywords?post=17583"}],"curies":[{"name":"wp","href":"https:\/\/api.w.org\/{rel}","templated":true}]}}