{"id":17598,"date":"2019-10-20T22:17:40","date_gmt":"2019-10-20T22:17:40","guid":{"rendered":"http:\/\/www.padel-test.de\/padel-nachrichten\/zusammenfassung-der-jaehrlichen-generalversammlung-der-fip-in-castellon-2019\/"},"modified":"2022-10-21T14:17:23","modified_gmt":"2022-10-21T14:17:23","slug":"resumen-de-la-asamblea-general-anual-de-la-fip-en-castellon-2019","status":"publish","type":"post","link":"https:\/\/www.padel-test.de\/es\/noticias-de-padel\/resumen-de-la-asamblea-general-anual-de-la-fip-en-castellon-2019\/","title":{"rendered":"Resumen de la Asamblea General Anual de la FIP en Castell\u00f3n 2019"},"content":{"rendered":"<p>El viernes 18 se celebr\u00f3 la 29\u00aa Asamblea General Anual de la Federaci\u00f3n Internacional de P\u00e1del.<\/p>\n<p>Gran participaci\u00f3n de los miembros de la Federaci\u00f3n, lo que confirma el continuo inter\u00e9s de todos los miembros en las actividades de la Federaci\u00f3n Internacional.<\/p>\n<p>El Presidente Luigi Carraro abri\u00f3 la reuni\u00f3n agradeciendo a Espa\u00f1a, al Consejo Superior de Deportes y a la Federaci\u00f3n Espa\u00f1ola de P\u00e1del su apoyo, y agradeci\u00f3 especialmente a la Federaci\u00f3n de P\u00e1del de la Comunidad Valenciana la excepcional organizaci\u00f3n del XII Campeonato del Mundo de P\u00e1del de Menores en curso. Campeonato del Mundo de P\u00e1del de Menores.<\/p>\n<p>La reuni\u00f3n comenz\u00f3 con la habitual votaci\u00f3n para aprobar el acta de la Asamblea Extraordinaria de S\u00e3o Paulo (marzo de 2019), en la que se eligi\u00f3 la Junta Directiva, y a continuaci\u00f3n se aprob\u00f3 el presupuesto del FIP para 2018.<\/p>\n<p>A continuaci\u00f3n, el presidente Carraro present\u00f3 el informe sobre el trabajo realizado este a\u00f1o por la actual direcci\u00f3n del PIF, destacando entre los grandes resultados:<\/p>\n<ol>\n<li>La unificaci\u00f3n del ranking con el WPT<\/li>\n<li>La consolidaci\u00f3n de los socios de la FIP con la entrada de dos nuevos patrocinadores muy importantes,<\/li>\n<li>El nuevo circuito FIP Padel Tour, que permite el desarrollo del p\u00e1del en todo el mundo y que siempre cuenta con un ranking con jugadores de tantas nacionalidades como sea posible.<\/li>\n<li>A continuaci\u00f3n, nos centramos en los acuerdos importantes con los medios de comunicaci\u00f3n, empezando por el acuerdo con Sky Sports, que retransmitir\u00e1 la XI Eurocopa (Roma, 4-9 de noviembre), y muchos otros que se anunciar\u00e1n en las pr\u00f3ximas semanas,<\/li>\n<li>Se inform\u00f3 a los miembros de los importantes avances con los Comit\u00e9s Ol\u00edmpicos Europeos para la inclusi\u00f3n del p\u00e1del en los Campeonatos Europeos de Cracovia 2023 y tambi\u00e9n de que pr\u00f3ximamente se iniciar\u00e1 una confrontaci\u00f3n con la organizaci\u00f3n de los pr\u00f3ximos Campeonatos Panamericanos que se celebrar\u00e1n en Chile en 2023, para incluir el p\u00e1del entre las disciplinas tambi\u00e9n en este caso.<br \/>\nY todo ello con vistas a nuestro objetivo m\u00e1s importante, que es convertirnos en una disciplina ol\u00edmpica en todos los sentidos.<\/li>\n<\/ol>\n<p>En este contexto, fue un gran honor para el Presidente y el Comit\u00e9 Ejecutivo anunciar a los miembros la firma de un importante acuerdo firmado con la GAISF y la ITF, cuyos detalles se anunciar\u00e1n en los pr\u00f3ximos d\u00edas, acercando a\u00fan m\u00e1s la transici\u00f3n de miembro observador a miembro permanente de la FIP dentro de la GAISF.<br \/>\nLos miembros del PIF reconocieron un\u00e1nimemente el trabajo realizado hasta ahora.<\/p>\n<p>Como es habitual, aqu\u00ed se celebraron todos los campeonatos celebrados en los \u00faltimos meses (desde la \u00faltima Asamblea General de Asunci\u00f3n 2018 hasta hoy), el actual Campeonato Mundial Junior y el pr\u00f3ximo Campeonato Europeo de Roma (4-9 de noviembre).<\/p>\n<p>En la reuni\u00f3n tambi\u00e9n se ha votado delegar en el Consejo, que asumir\u00e1 una comisi\u00f3n de evaluaci\u00f3n t\u00e9cnica, la adjudicaci\u00f3n de los pr\u00f3ximos Campeonatos del Mundo 2020 Senior y Veterano.<\/p>\n<p>Por \u00faltimo, nos complace especialmente informarles de que la Asamblea ha votado la propuesta del Consejo de Administraci\u00f3n para la adhesi\u00f3n de 6 nuevos pa\u00edses al PIF:<\/p>\n<p>China, Rusia, San Marino, Armenia, Egipto e Irlanda.<br \/>\nEsto confirma que el p\u00e1del est\u00e1 creciendo en todas partes del mundo. Los detalles de estos pa\u00edses se anunciar\u00e1n en los pr\u00f3ximos d\u00edas.<\/p>\n<p>Es muy importante para el PIF que todos los puntos incluidos en el orden del d\u00eda de la reuni\u00f3n hayan sido adoptados por la Asamblea General, el \u00f3rgano soberano del PIF, con una amplia mayor\u00eda de votos, incluidos los requeridos por una mayor\u00eda de dos tercios. Esto demuestra un criterio unificado en el seno del PIF, en el que prevalece el esp\u00edritu constructivo de los miembros afiliados, y la confianza en el Consejo de Administraci\u00f3n, que seguir\u00e1 trabajando con ah\u00ednco junto a todos los pa\u00edses miembros por los objetivos comunes.<\/p>\n<p>La reuni\u00f3n concluy\u00f3 con la esperanza del Presidente Carraro de que el esp\u00edritu constructivo que caracteriz\u00f3 la reuni\u00f3n reci\u00e9n celebrada sea el comienzo de una nueva era en la que el p\u00e1del encuentre la unidad entre todos sus componentes.<\/p>\n<p>&nbsp;<\/p>","protected":false},"excerpt":{"rendered":"<p>El viernes 18 se celebr\u00f3 la 29\u00aa Asamblea General Anual de la Federaci\u00f3n Internacional de P\u00e1del. Gran participaci\u00f3n de los miembros de la Federaci\u00f3n, lo que confirma el continuo inter\u00e9s de todos los miembros en las actividades de la Federaci\u00f3n Internacional.<br \/>\nEl Presidente Luigi Carraro abri\u00f3 la reuni\u00f3n dando la bienvenida a Espa\u00f1a ...<\/p>","protected":false},"author":1,"featured_media":14369,"comment_status":"open","ping_status":"open","sticky":false,"template":"","format":"standard","meta":{"_acf_changed":false,"_sitemap_exclude":false,"_sitemap_priority":"","_sitemap_frequency":"","_analytify_skip_tracking":false,"footnotes":""},"categories":[1],"tags":[211,251,223],"sgg_keywords":[],"class_list":["post-17598","post","type-post","status-publish","format-standard","has-post-thumbnail","hentry","category-padel-news","tag-fip","tag-luigi-carraro","tag-wpt"],"acf":{"tweet":"","hinweis_an_redaktion":"","unternehmen":"","logo_unedited":""},"_links":{"self":[{"href":"https:\/\/www.padel-test.de\/es\/wp-json\/wp\/v2\/posts\/17598","targetHints":{"allow":["GET"]}}],"collection":[{"href":"https:\/\/www.padel-test.de\/es\/wp-json\/wp\/v2\/posts"}],"about":[{"href":"https:\/\/www.padel-test.de\/es\/wp-json\/wp\/v2\/types\/post"}],"author":[{"embeddable":true,"href":"https:\/\/www.padel-test.de\/es\/wp-json\/wp\/v2\/users\/1"}],"replies":[{"embeddable":true,"href":"https:\/\/www.padel-test.de\/es\/wp-json\/wp\/v2\/comments?post=17598"}],"version-history":[{"count":0,"href":"https:\/\/www.padel-test.de\/es\/wp-json\/wp\/v2\/posts\/17598\/revisions"}],"wp:featuredmedia":[{"embeddable":true,"href":"https:\/\/www.padel-test.de\/es\/wp-json\/wp\/v2\/media\/14369"}],"wp:attachment":[{"href":"https:\/\/www.padel-test.de\/es\/wp-json\/wp\/v2\/media?parent=17598"}],"wp:term":[{"taxonomy":"category","embeddable":true,"href":"https:\/\/www.padel-test.de\/es\/wp-json\/wp\/v2\/categories?post=17598"},{"taxonomy":"post_tag","embeddable":true,"href":"https:\/\/www.padel-test.de\/es\/wp-json\/wp\/v2\/tags?post=17598"},{"taxonomy":"sgg_keywords","embeddable":true,"href":"https:\/\/www.padel-test.de\/es\/wp-json\/wp\/v2\/sgg_keywords?post=17598"}],"curies":[{"name":"wp","href":"https:\/\/api.w.org\/{rel}","templated":true}]}}