{"id":17608,"date":"2020-09-24T07:26:16","date_gmt":"2020-09-24T07:26:16","guid":{"rendered":"http:\/\/www.padel-test.de\/padel-nachrichten\/padelworld-bochum-aufschlag-padel-langendreer\/"},"modified":"2022-10-21T14:17:30","modified_gmt":"2022-10-21T14:17:30","slug":"padelworld-bochum-serve-padel-langendreer","status":"publish","type":"post","link":"https:\/\/www.padel-test.de\/es\/noticias-de-padel\/padelworld-bochum-serve-padel-langendreer\/","title":{"rendered":"Padelworld Bochum: Impacto para el p\u00e1del en Bochum"},"content":{"rendered":"<p><a href=\"\/es\/lugares-de-padel-2\/padel-world-bochum\/\">padelworld Bochum<\/a>El \u00faltimo fin de semana de septiembre se inaugura en Bochum la mayor instalaci\u00f3n de p\u00e1del al aire libre de Alemania<\/p>\n<p>Despu\u00e9s de tres a\u00f1os de planificaci\u00f3n y ocho semanas de construcci\u00f3n, padelworld Bochum abrir\u00e1 sus puertas el 26 de septiembre de 2020 en la pista de tenis del SV Langendreer 04.<\/p>\n<p>\u201eIch f\u00fchle mich wie nach dem letzten Spiel einer Bundesligasaison mit dem VfL Bochum 1848 und wir haben in allerletzter Sekunde den Klassenerhalt gesichert&#8220;, beschreibt Marcel Maltritz seine Gef\u00fchlslage. Der ehemalige Profi-Fu\u00dfballer hat drei Jahre hart daf\u00fcr gek\u00e4mpft, dass der spanische Volkssport nun auch in Bochum gespielt werden kann.<\/p>\n<p>\u201eIm Gegensatz zu Tennis ist Padel sehr schnell und einfach zu erlernen&#8220;, erkl\u00e4rt der 41-j\u00e4hrige Gr\u00fcnder. \u201eAls ich vor vieren Jahr selbst zum ersten Mal Padel gespielt habe, war ich direkt begeistert von dieser Sportart, es hat mich nicht mehr losgelassen&#8220;.<\/p>\n<p>El fin de semana de la inauguraci\u00f3n, el mayor n\u00famero posible de visitantes deber\u00eda tener la oportunidad de experimentar esta fascinaci\u00f3n por s\u00ed mismos y probar el p\u00e1del de forma gratuita.<\/p>\n<p>El s\u00e1bado 26 de septiembre, todos los interesados est\u00e1n cordialmente invitados a mover la raqueta de p\u00e1del de 15 a 21 horas. A partir del domingo 27 de septiembre, las pistas exteriores podr\u00e1n reservarse regularmente. \"Para que todo funcione bien, le pedimos que se inscriba previamente por correo electr\u00f3nico (anmeldung@padelworld-bochum.de).<\/p>\n<p>El <a href=\"\/es\/conocimientos-de-padel\/batidor-de-palas\/\">Raquetas de p\u00e1del<\/a> y <a href=\"\/es\/conocimientos-de-padel\/pelotas-de-padel\/\">Pelotas de p\u00e1del<\/a> werden unter Einhaltung der Hygieneregeln kostenlos zur Verf\u00fcgung gestellt, Sportkleidung und Sportschuhe sollten mitgebracht werden&#8220;, so Marcel Maltritz zum Ablauf. Weitere Informationen auf www.padelworld-bochum.de und auf Facebook @padelworld.Bochum<\/p>\n<p>Como oferta especial de apertura, padelworld Bochum ofrece una tarjeta para 10 personas al precio de 50 euros.<\/p>\n<p>Hasta el 31.12.2020, se podr\u00e1n jugar 10 partidos de 1 hora en el campo Am Leithenhaus de Bochum.<\/p>","protected":false},"excerpt":{"rendered":"<p>padelworld Bochum: la mayor instalaci\u00f3n de p\u00e1del al aire libre de Alemania se inaugura el \u00faltimo fin de semana de septiembre en Bochum Despu\u00e9s de tres a\u00f1os de planificaci\u00f3n y ocho semanas de construcci\u00f3n, padelworld Bochum se inaugurar\u00e1 el 26 de septiembre de 2020 en las instalaciones de tenis del SV Langendreer 04. \"Me siento como si volviera del \u00faltimo partido de una temporada de la Bundesliga con el VfL Bochum 1848 y hubi\u00e9ramos ganado en el \u00faltimo...<\/p>","protected":false},"author":1,"featured_media":14386,"comment_status":"open","ping_status":"open","sticky":false,"template":"","format":"standard","meta":{"_acf_changed":false,"_sitemap_exclude":false,"_sitemap_priority":"","_sitemap_frequency":"","_analytify_skip_tracking":false,"footnotes":""},"categories":[1],"tags":[255,195,199,256],"sgg_keywords":[],"class_list":["post-17608","post","type-post","status-publish","format-standard","has-post-thumbnail","hentry","category-padel-news","tag-bochum","tag-padel-plaetze","tag-padel-turnier","tag-padelworld"],"acf":{"tweet":"","hinweis_an_redaktion":"","unternehmen":"","logo_unedited":""},"_links":{"self":[{"href":"https:\/\/www.padel-test.de\/es\/wp-json\/wp\/v2\/posts\/17608","targetHints":{"allow":["GET"]}}],"collection":[{"href":"https:\/\/www.padel-test.de\/es\/wp-json\/wp\/v2\/posts"}],"about":[{"href":"https:\/\/www.padel-test.de\/es\/wp-json\/wp\/v2\/types\/post"}],"author":[{"embeddable":true,"href":"https:\/\/www.padel-test.de\/es\/wp-json\/wp\/v2\/users\/1"}],"replies":[{"embeddable":true,"href":"https:\/\/www.padel-test.de\/es\/wp-json\/wp\/v2\/comments?post=17608"}],"version-history":[{"count":0,"href":"https:\/\/www.padel-test.de\/es\/wp-json\/wp\/v2\/posts\/17608\/revisions"}],"wp:featuredmedia":[{"embeddable":true,"href":"https:\/\/www.padel-test.de\/es\/wp-json\/wp\/v2\/media\/14386"}],"wp:attachment":[{"href":"https:\/\/www.padel-test.de\/es\/wp-json\/wp\/v2\/media?parent=17608"}],"wp:term":[{"taxonomy":"category","embeddable":true,"href":"https:\/\/www.padel-test.de\/es\/wp-json\/wp\/v2\/categories?post=17608"},{"taxonomy":"post_tag","embeddable":true,"href":"https:\/\/www.padel-test.de\/es\/wp-json\/wp\/v2\/tags?post=17608"},{"taxonomy":"sgg_keywords","embeddable":true,"href":"https:\/\/www.padel-test.de\/es\/wp-json\/wp\/v2\/sgg_keywords?post=17608"}],"curies":[{"name":"wp","href":"https:\/\/api.w.org\/{rel}","templated":true}]}}