{"id":17435,"date":"2017-06-14T22:00:00","date_gmt":"2017-06-14T22:00:00","guid":{"rendered":"http:\/\/www.padel-test.de\/padel-nachrichten\/padel-in-bremen-weyhe-auf-erfolgsspur-samuelsen-bosselmann-gewinnen-gps-turnier\/"},"modified":"2022-10-21T14:17:58","modified_gmt":"2022-10-21T14:17:58","slug":"padel-a-bremen-weyhe-sur-la-voie-du-succes-samuelsen-bosselmann-remporte-le-tournoi-de-gps","status":"publish","type":"post","link":"https:\/\/www.padel-test.de\/fr\/nouvelles-du-padel\/padel-a-bremen-weyhe-sur-la-voie-du-succes-samuelsen-bosselmann-remporte-le-tournoi-de-gps\/","title":{"rendered":"Padel \u00e0 Bremen-Weyhe sur la voie du succ\u00e8s - Samuelsen\/Bosselmann gagnent le tournoi GPS"},"content":{"rendered":"<p>Ce week-end, le <a href=\"\/fr\/padel-bremen-weyhe\/\">Site de padel de Br\u00eame-Weyhe<\/a> un tournoi GPS100 qui a donn\u00e9 lieu \u00e0 des matchs et des \u00e9changes de balles parfois spectaculaires. L'Argentin Franz Enz (\u00e0 l'extr\u00eame gauche sur la photo), \u00e2g\u00e9 de 17 ans seulement, a notamment r\u00e9ussi \u00e0 captiver le public \u00e0 plusieurs reprises gr\u00e2ce \u00e0 son plaisir de jouer et \u00e0 son intelligence.<\/p>\n<p>Mais c'est finalement le couple Samuelsen\/Bosselmann (3e et 4e en partant de la droite sur la photo) qui s'est impos\u00e9, car il a jou\u00e9 de la mani\u00e8re la plus constante et la plus \u00e9quilibr\u00e9e. Pour les spectateurs, qui ont pass\u00e9 la journ\u00e9e dans une ambiance tr\u00e8s familiale avec caf\u00e9, g\u00e2teaux et grillades, le tournoi en valait en tout cas la peine.<\/p>\n<p>Et pour les nombreux joueurs de padel qui se sont disput\u00e9s les places, en tout cas aussi ! En effet, lors de la remise des prix, non seulement les premiers class\u00e9s ont re\u00e7u une coupe, mais tous les participants ont re\u00e7u un petit prix de la part des sponsors. <a href=\"\/fr\/head-padel\/\">Head Padel<\/a> et <a href=\"\/fr\/dunlop-padel\/\">Padel Dunlop<\/a>!<\/p>\n<p>Mais ce n'\u00e9tait pas la seule bonne nouvelle en provenance de Br\u00eame.<\/p>\n<p>Gr\u00e2ce aux passionn\u00e9s de padel Alex Schwarz, Malte Daum et de nombreux autres b\u00e9n\u00e9voles de Br\u00eame et de Weyhe, ce site de padel continue d\u00e9finitivement \u00e0 se d\u00e9velopper. Le prochain tournoi de la DPV y aura lieu d\u00e8s septembre, et sera m\u00eame un tournoi GPS500.<\/p>\n<p>La presse r\u00e9gionale rend \u00e9galement compte r\u00e9guli\u00e8rement des activit\u00e9s \u00e0 Weyhe :<\/p>\n<ul>\n<li><a href=\"https:\/\/www.kreiszeitung.de\/lokales\/diepholz\/weyhe-ort54198\/freizeit-zeichen-schwert-schlaeger-8370039.html\" target=\"_blank\" rel=\"noopener noreferrer nofollow\">https:\/\/www.kreiszeitung.de\/lokales\/diepholz\/weyhe-ort54198\/freizeit-zeichen-schwert-schlaeger-8370039.html<\/a><\/li>\n<li><a href=\"https:\/\/www.weser-kurier.de\/region\/regionale-rundschau_artikel,-kampfkunst-kreativitaet-und-kinderdisco-_arid,1607369.html\" target=\"_blank\" rel=\"noopener noreferrer nofollow\">https:\/\/www.weser-kurier.de\/region\/regionale-rundschau_artikel,-kampfkunst-kreativitaet-und-kinderdisco-_arid,1607369.html<\/a><\/li>\n<\/ul>\n<p>Et le prochain terrain de padel est d\u00e9j\u00e0 en cours de planification - nous attendons avec impatience l'ouverture du terrain !<\/p>","protected":false},"excerpt":{"rendered":"<p>Ce week-end, le <a href=\"\/fr\/padel-bremen-weyhe\/\">Site de padel de Br\u00eame-Weyhe<\/a> un tournoi GPS100 qui a donn\u00e9 lieu \u00e0 des matchs et des \u00e9changes de balles parfois spectaculaires. L'Argentin Franz Enz (\u00e0 l'extr\u00eame gauche sur la photo), \u00e2g\u00e9 de 17 ans seulement, a su captiver le public par sa joie de jouer et son intelligence. Mais c'est finalement la paire Samuelsen\/Bosselmann qui s'est impos\u00e9e ...<\/p>","protected":false},"author":1,"featured_media":0,"comment_status":"open","ping_status":"open","sticky":false,"template":"","format":"standard","meta":{"_acf_changed":false,"_sitemap_exclude":false,"_sitemap_priority":"","_sitemap_frequency":"","_analytify_skip_tracking":false,"footnotes":""},"categories":[1],"tags":[196,199],"sgg_keywords":[],"class_list":["post-17435","post","type-post","status-publish","format-standard","hentry","category-padel-news","tag-bremen","tag-padel-turnier"],"acf":{"tweet":"","hinweis_an_redaktion":"","unternehmen":"","logo_unedited":""},"_links":{"self":[{"href":"https:\/\/www.padel-test.de\/fr\/wp-json\/wp\/v2\/posts\/17435","targetHints":{"allow":["GET"]}}],"collection":[{"href":"https:\/\/www.padel-test.de\/fr\/wp-json\/wp\/v2\/posts"}],"about":[{"href":"https:\/\/www.padel-test.de\/fr\/wp-json\/wp\/v2\/types\/post"}],"author":[{"embeddable":true,"href":"https:\/\/www.padel-test.de\/fr\/wp-json\/wp\/v2\/users\/1"}],"replies":[{"embeddable":true,"href":"https:\/\/www.padel-test.de\/fr\/wp-json\/wp\/v2\/comments?post=17435"}],"version-history":[{"count":0,"href":"https:\/\/www.padel-test.de\/fr\/wp-json\/wp\/v2\/posts\/17435\/revisions"}],"wp:attachment":[{"href":"https:\/\/www.padel-test.de\/fr\/wp-json\/wp\/v2\/media?parent=17435"}],"wp:term":[{"taxonomy":"category","embeddable":true,"href":"https:\/\/www.padel-test.de\/fr\/wp-json\/wp\/v2\/categories?post=17435"},{"taxonomy":"post_tag","embeddable":true,"href":"https:\/\/www.padel-test.de\/fr\/wp-json\/wp\/v2\/tags?post=17435"},{"taxonomy":"sgg_keywords","embeddable":true,"href":"https:\/\/www.padel-test.de\/fr\/wp-json\/wp\/v2\/sgg_keywords?post=17435"}],"curies":[{"name":"wp","href":"https:\/\/api.w.org\/{rel}","templated":true}]}}