{"id":17438,"date":"2015-05-25T22:00:00","date_gmt":"2015-05-25T22:00:00","guid":{"rendered":"http:\/\/www.padel-test.de\/padel-nachrichten\/bericht-vom-gps-padel-turnier-munchen\/"},"modified":"2022-10-21T14:17:41","modified_gmt":"2022-10-21T14:17:41","slug":"compte-rendu-du-tournoi-de-padel-gps-a-munich","status":"publish","type":"post","link":"https:\/\/www.padel-test.de\/fr\/nouvelles-du-padel\/compte-rendu-du-tournoi-de-padel-gps-a-munich\/","title":{"rendered":"Rapport du tournoi de padel GPS de Munich"},"content":{"rendered":"<p>Pour le IIe tournoi de printemps du <a href=\"\/fr\/padel-club-muenchen\/\">Club de padel de Munich<\/a>\u00a0En plus des \u00e9quipes du club de padel local, d'autres participants de Bernau, Francfort, Berlin et m\u00eame de Suisse se sont inscrits.<\/p>\n<p>Le week-end de la Pentec\u00f4te, du 23 au 25 mai, a offert un cadre appropri\u00e9 \u00e0 ce tournoi GPS masculin de cat\u00e9gorie B. Apr\u00e8s des matchs de groupe tr\u00e8s disput\u00e9s, deux \u00e9quipes du Padel Club M\u00fcnchen e.V. ont finalement atteint leur demi-finale respective (Isaac San Frutos, Tom Hillebrand &amp; Javier Izcue, Thomas Birle), mais elles ont d\u00fb s'incliner devant les futurs finalistes.<\/p>\n<p>C'est ainsi que s'est d\u00e9roul\u00e9e l'\"\u00e9preuve de force\" entre les champions allemands de padel en titre Fabian Schmidt &amp; Justus Herbert et le double Pablo Guerrero &amp; Jose Blanquez, venus de Suisse. Les joueurs nationaux allemands ont pris le dessus et ont remport\u00e9 la finale 6:2 et 6:1.<\/p>\n<p>L'\u00e9quipe du Padel Club de Munich remercie tous les participants, les visiteurs, les sponsors et les partenaires.\u00a0<a href=\"\/fr\/tournois-de-padel-2\/\">Les 11 et 12 juillet, un autre tournoi de padel GPS aura lieu \u00e0 Munich.<\/a> que l'on attend d\u00e9j\u00e0 avec impatience.<\/p>","protected":false},"excerpt":{"rendered":"<p>Pour le IIe tournoi de printemps du <a href=\"\/fr\/padel-club-muenchen\/\">Club de padel de Munich<\/a>\u00a0Le 25 mai, d'autres participants de Bernau, Francfort, Berlin et m\u00eame de Suisse se sont inscrits en plus des \u00e9quipes du club de padel local. Le week-end de Pentec\u00f4te du 23 au 25 mai a offert un cadre appropri\u00e9 \u00e0 ce tournoi GPS masculin de cat\u00e9gorie B. Apr\u00e8s des matchs de groupe tr\u00e8s disput\u00e9s, deux \u00e9quipes du Padel Club M\u00fcnchen e.V. se sont finalement retrouv\u00e9es en demi-finales respectives...<\/p>","protected":false},"author":1,"featured_media":0,"comment_status":"open","ping_status":"open","sticky":false,"template":"","format":"standard","meta":{"_acf_changed":false,"_sitemap_exclude":false,"_sitemap_priority":"","_sitemap_frequency":"","_analytify_skip_tracking":false,"footnotes":""},"categories":[1],"tags":[],"sgg_keywords":[],"class_list":["post-17438","post","type-post","status-publish","format-standard","hentry","category-padel-news"],"acf":{"tweet":"","hinweis_an_redaktion":"","unternehmen":"","logo_unedited":""},"_links":{"self":[{"href":"https:\/\/www.padel-test.de\/fr\/wp-json\/wp\/v2\/posts\/17438","targetHints":{"allow":["GET"]}}],"collection":[{"href":"https:\/\/www.padel-test.de\/fr\/wp-json\/wp\/v2\/posts"}],"about":[{"href":"https:\/\/www.padel-test.de\/fr\/wp-json\/wp\/v2\/types\/post"}],"author":[{"embeddable":true,"href":"https:\/\/www.padel-test.de\/fr\/wp-json\/wp\/v2\/users\/1"}],"replies":[{"embeddable":true,"href":"https:\/\/www.padel-test.de\/fr\/wp-json\/wp\/v2\/comments?post=17438"}],"version-history":[{"count":0,"href":"https:\/\/www.padel-test.de\/fr\/wp-json\/wp\/v2\/posts\/17438\/revisions"}],"wp:attachment":[{"href":"https:\/\/www.padel-test.de\/fr\/wp-json\/wp\/v2\/media?parent=17438"}],"wp:term":[{"taxonomy":"category","embeddable":true,"href":"https:\/\/www.padel-test.de\/fr\/wp-json\/wp\/v2\/categories?post=17438"},{"taxonomy":"post_tag","embeddable":true,"href":"https:\/\/www.padel-test.de\/fr\/wp-json\/wp\/v2\/tags?post=17438"},{"taxonomy":"sgg_keywords","embeddable":true,"href":"https:\/\/www.padel-test.de\/fr\/wp-json\/wp\/v2\/sgg_keywords?post=17438"}],"curies":[{"name":"wp","href":"https:\/\/api.w.org\/{rel}","templated":true}]}}