{"id":17443,"date":"2016-07-04T22:00:00","date_gmt":"2016-07-04T22:00:00","guid":{"rendered":"http:\/\/www.padel-test.de\/padel-nachrichten\/1-padel-tennisplatz-in-karlsruhe-wird-eroffnet\/"},"modified":"2022-10-21T14:17:38","modified_gmt":"2022-10-21T14:17:38","slug":"ouverture-dun-court-de-padel-a-karlsruhe","status":"publish","type":"post","link":"https:\/\/www.padel-test.de\/fr\/nouvelles-du-padel\/ouverture-dun-court-de-padel-a-karlsruhe\/","title":{"rendered":"Ouverture du 1er court de padel \u00e0 Karlsruhe"},"content":{"rendered":"<p>Le dimanche <strong>10.07.2016<\/strong> c\u00e9l\u00e8bre la <a href=\"\/fr\/padel-durlach-aue\/\">SpVgg Durlach-Aue<\/a> un grand \u00e9v\u00e9nement : le nouveau terrain de padel-tennis sera inaugur\u00e9 sur le terrain du stade Oberwald. De 12h00 \u00e0 16h00, les membres de l'association de jeu et tous les visiteurs int\u00e9ress\u00e9s pourront en apprendre davantage sur ce sport tr\u00e8s r\u00e9pandu, notamment en Espagne et en Am\u00e9rique du Sud.<\/p>\n<p>Drei Jahre Planung waren n\u00f6tig, um diese Trendsportart nach Karlsruhe zu holen &#8211; jetzt endlich steht der neue Padel-Tennisplatz auf dem Gel\u00e4nde der Spielvereinigung. Zwischen der Tennishalle und den &#8222;normalen&#8220; Tennispl\u00e4tzen wurde der zwanzig auf zehn Meter gro\u00dfe Court errichtet.<\/p>\n<p>La particularit\u00e9 de ce sport est que le padel se joue normalement toujours en double. Afin de pouvoir pr\u00e9senter de mani\u00e8re ad\u00e9quate ce nouveau sport \u00e0 la mode \u00e0 toutes les personnes int\u00e9ress\u00e9es, l'entra\u00eeneur de padel espagnol Philipe Adam sera sur place pour r\u00e9pondre \u00e0 toutes les questions concernant le premier court de padel \u00e0 Karlsruhe.<\/p>\n<p><span style=\"text-decoration: underline;\">Relations publiques et presse<\/span><br \/>\n<span style=\"line-height: 20.8px;\">Tobias Rieger\u00a0<\/span><br \/>\n<span style=\"line-height: 1.6em;\">SpVgg Durlach-Aue 1910 e.V.\u00a0<\/span><br \/>\n<span style=\"line-height: 1.6em;\">Chemin d'Erlach 1\u00a0<\/span><br \/>\n<span style=\"line-height: 1.6em;\">76227 Karlsruhe-Durlach\u00a0<\/span><\/p>\n<p>0170 900 1431<br \/>\n0721 605 3416<\/p>","protected":false},"excerpt":{"rendered":"<p>Le dimanche 10.07.2016, la <a href=\"\/fr\/padel-durlach-aue\/\">SpVgg Durlach-Aue<\/a> un grand \u00e9v\u00e9nement : le nouveau terrain de padel-tennis sera inaugur\u00e9 sur le terrain du stade Oberwald. De 12h00 \u00e0 16h00, les membres de l'association de jeu et tous les visiteurs int\u00e9ress\u00e9s pourront en apprendre plus sur ce sport tr\u00e8s r\u00e9pandu, notamment en Espagne et en Am\u00e9rique du Sud...<\/p>","protected":false},"author":1,"featured_media":0,"comment_status":"open","ping_status":"open","sticky":false,"template":"","format":"standard","meta":{"_acf_changed":false,"_sitemap_exclude":false,"_sitemap_priority":"","_sitemap_frequency":"","_analytify_skip_tracking":false,"footnotes":""},"categories":[1],"tags":[197,192],"sgg_keywords":[],"class_list":["post-17443","post","type-post","status-publish","format-standard","hentry","category-padel-news","tag-karlsruhe","tag-padel-platzbauer"],"acf":{"tweet":"","hinweis_an_redaktion":"","unternehmen":"","logo_unedited":""},"_links":{"self":[{"href":"https:\/\/www.padel-test.de\/fr\/wp-json\/wp\/v2\/posts\/17443","targetHints":{"allow":["GET"]}}],"collection":[{"href":"https:\/\/www.padel-test.de\/fr\/wp-json\/wp\/v2\/posts"}],"about":[{"href":"https:\/\/www.padel-test.de\/fr\/wp-json\/wp\/v2\/types\/post"}],"author":[{"embeddable":true,"href":"https:\/\/www.padel-test.de\/fr\/wp-json\/wp\/v2\/users\/1"}],"replies":[{"embeddable":true,"href":"https:\/\/www.padel-test.de\/fr\/wp-json\/wp\/v2\/comments?post=17443"}],"version-history":[{"count":0,"href":"https:\/\/www.padel-test.de\/fr\/wp-json\/wp\/v2\/posts\/17443\/revisions"}],"wp:attachment":[{"href":"https:\/\/www.padel-test.de\/fr\/wp-json\/wp\/v2\/media?parent=17443"}],"wp:term":[{"taxonomy":"category","embeddable":true,"href":"https:\/\/www.padel-test.de\/fr\/wp-json\/wp\/v2\/categories?post=17443"},{"taxonomy":"post_tag","embeddable":true,"href":"https:\/\/www.padel-test.de\/fr\/wp-json\/wp\/v2\/tags?post=17443"},{"taxonomy":"sgg_keywords","embeddable":true,"href":"https:\/\/www.padel-test.de\/fr\/wp-json\/wp\/v2\/sgg_keywords?post=17443"}],"curies":[{"name":"wp","href":"https:\/\/api.w.org\/{rel}","templated":true}]}}