{"id":17456,"date":"2017-06-27T22:00:00","date_gmt":"2017-06-27T22:00:00","guid":{"rendered":"http:\/\/www.padel-test.de\/padel-nachrichten\/padel-tennis-fur-kinder-na-klar-weyhe-machts-vor\/"},"modified":"2022-10-21T14:17:16","modified_gmt":"2022-10-21T14:17:16","slug":"le-padel-tennis-pour-les-enfants-bien-sur-weyhe-montre-lexemple","status":"publish","type":"post","link":"https:\/\/www.padel-test.de\/fr\/nouvelles-du-padel\/le-padel-tennis-pour-les-enfants-bien-sur-weyhe-montre-lexemple\/","title":{"rendered":"Le padel-tennis pour les enfants ? Bien s\u00fbr que oui ! Weyhe montre l'exemple..."},"content":{"rendered":"<p>Padel pour les enfants : Dans le cadre de la \"Weyher Ferienkiste\", cinq jeunes de 9 et 10 ans ont particip\u00e9 hier (27 juin 2017) et huit jeunes de 11 ans aujourd'hui (28 juin 2017) au camp de padel sur la <a href=\"\/fr\/padel-bremen-weyhe\/\">Padel Bremen-Weyhe<\/a> qui comprenait 2 heures d'exercices avec le ballon et 2 heures de formes de jeu.<\/p>\n<p>Les enfants n'ont d\u00fb payer que 2,- euros \u00e0 la promotion du sport de la commune.<br \/>\nL'entra\u00eeneur, la nourriture et les boissons ont \u00e9t\u00e9 fournis par <a href=\"\/fr\/padel-bremen-weyhe\/\">TC 71 Weyhe<\/a> est pos\u00e9e.<\/p>\n<p>L'objectif \u00e9tait d'enthousiasmer les enfants pour le padel, de proposer sur cette base des groupes d'entra\u00eenement et de lancer la rel\u00e8ve.<\/p>\n<p>Et comme on peut le voir sur les photos, c'est une r\u00e9ussite. Les enfants se sont bien amus\u00e9s et il y a fort \u00e0 parier que certains d'entre eux pratiqueront d\u00e9sormais plus souvent le padel-tennis.<\/p>\n<p>Cela devrait \u00e9galement \u00eatre le cas pour d'autres <a href=\"\/fr\/paddle-plaetze-deutschland\/\">sites allemands de padel<\/a> \u00eatre un signal positif : mettez les enfants et les jeunes en contact avec le padel. Ce n'est qu'avec un travail fort aupr\u00e8s des jeunes que nous pourrons construire une base pour le padel en Allemagne !<\/p>","protected":false},"excerpt":{"rendered":"<p>Padel pour les enfants : Dans le cadre de la \"Weyher Ferienkiste\", cinq jeunes de 9 et 10 ans ont particip\u00e9 hier (27 juin 2017) et huit jeunes de 11 ans aujourd'hui (28 juin 2017) au camp de padel sur la <a href=\"\/fr\/padel-bremen-weyhe\/\">Padel Bremen-Weyhe<\/a> qui consistait en 2 heures d'exercices avec ballon et 2 heures de formes de jeu. Pour cela, les enfants n'ont d\u00fb payer que 2,- euros \u00e0 la promotion du sport de la commune...<\/p>","protected":false},"author":1,"featured_media":0,"comment_status":"open","ping_status":"open","sticky":false,"template":"","format":"standard","meta":{"_acf_changed":false,"_sitemap_exclude":false,"_sitemap_priority":"","_sitemap_frequency":"","_analytify_skip_tracking":false,"footnotes":""},"categories":[1],"tags":[196,205],"sgg_keywords":[],"class_list":["post-17456","post","type-post","status-publish","format-standard","hentry","category-padel-news","tag-bremen","tag-padel-training"],"acf":{"tweet":"","hinweis_an_redaktion":"","unternehmen":"","logo_unedited":""},"_links":{"self":[{"href":"https:\/\/www.padel-test.de\/fr\/wp-json\/wp\/v2\/posts\/17456","targetHints":{"allow":["GET"]}}],"collection":[{"href":"https:\/\/www.padel-test.de\/fr\/wp-json\/wp\/v2\/posts"}],"about":[{"href":"https:\/\/www.padel-test.de\/fr\/wp-json\/wp\/v2\/types\/post"}],"author":[{"embeddable":true,"href":"https:\/\/www.padel-test.de\/fr\/wp-json\/wp\/v2\/users\/1"}],"replies":[{"embeddable":true,"href":"https:\/\/www.padel-test.de\/fr\/wp-json\/wp\/v2\/comments?post=17456"}],"version-history":[{"count":0,"href":"https:\/\/www.padel-test.de\/fr\/wp-json\/wp\/v2\/posts\/17456\/revisions"}],"wp:attachment":[{"href":"https:\/\/www.padel-test.de\/fr\/wp-json\/wp\/v2\/media?parent=17456"}],"wp:term":[{"taxonomy":"category","embeddable":true,"href":"https:\/\/www.padel-test.de\/fr\/wp-json\/wp\/v2\/categories?post=17456"},{"taxonomy":"post_tag","embeddable":true,"href":"https:\/\/www.padel-test.de\/fr\/wp-json\/wp\/v2\/tags?post=17456"},{"taxonomy":"sgg_keywords","embeddable":true,"href":"https:\/\/www.padel-test.de\/fr\/wp-json\/wp\/v2\/sgg_keywords?post=17456"}],"curies":[{"name":"wp","href":"https:\/\/api.w.org\/{rel}","templated":true}]}}