{"id":17460,"date":"2017-08-13T22:00:00","date_gmt":"2017-08-13T22:00:00","guid":{"rendered":"http:\/\/www.padel-test.de\/padel-nachrichten\/zurich-padel-open-auslosung-samuelsen-boehnke-and-mann-christesen-gesetzt\/"},"modified":"2022-11-10T21:34:10","modified_gmt":"2022-11-10T21:34:10","slug":"zurich-padel-open-tirage-au-sort-samuelsen-boehnke-and-mann-christesen-place","status":"publish","type":"post","link":"https:\/\/www.padel-test.de\/fr\/nouvelles-du-padel\/zurich-padel-open-tirage-au-sort-samuelsen-boehnke-and-mann-christesen-place\/","title":{"rendered":"Zurich Padel Open - Tirage au sort : Samuelsen\/Boehnke &amp; Mann\/Christesen plac\u00e9s"},"content":{"rendered":"<p>Pour les\u00a0<a href=\"\/fr\/tournois-de-padel-2\/\">Open de padel de Zurich<\/a>\u00a0(FIP 250), les deux paires de padel allemandes Samuelsen\/Boehnke et Mann\/Christesen ont \u00e9t\u00e9 plac\u00e9es en premi\u00e8re et deuxi\u00e8me position.<\/p>\n<p>Nous esp\u00e9rons que nos gar\u00e7ons r\u00e9sisteront \u00e0 la pression et iront en finale.<\/p>\n<p>Apr\u00e8s que <a href=\"\/fr\/test-de-padel\/nachrichten\/le-capitaine-de-lequipe-nationale-allemande-de-padel-fabian-schmidt-remporte-la-victoire-en-australie\/\">Fabian Schmidt avec ses victoires en tournoi en Australie<\/a> nous esp\u00e9rons qu'une de nos \u00e9quipes remportera le titre \u00e0 Zurich.<\/p>\n<p>Nous vous souhaitons en tout cas beaucoup de plaisir et de succ\u00e8s !<\/p>\n<p><a href=\"http:\/\/www.setteo.com\/torneos\/zurich-padel-open\/vista-impresion\/?cuadro=81750\" target=\"_blank\" rel=\"nofollow noopener noreferrer\">L'\u00e9tat actuel de Setteo est affich\u00e9 ici.<\/a><\/p>","protected":false},"excerpt":{"rendered":"<p>Lors du Zurich Padel Open<\/a>\u00a0(FIP 250), les deux paires de padel allemandes Samuelsen\/Boehnke et Mann\/Christesen ont \u00e9t\u00e9 plac\u00e9es en premi\u00e8re et deuxi\u00e8me position. Nous esp\u00e9rons que nos gar\u00e7ons r\u00e9sisteront \u00e0 la pression et iront en finale. Apr\u00e8s que <a href=\"\/fr\/nouvelles-du-padel\/le-capitaine-de-lequipe-nationale-allemande-de-padel-fabian-schmidt-remporte-la-victoire-en-australie\/\">Fabian Schmidt avec ses victoires en tournoi en Australie<\/a> a bien pr\u00e9sent\u00e9, nous esp\u00e9rons qu'un de nos...<\/p>","protected":false},"author":1,"featured_media":0,"comment_status":"closed","ping_status":"closed","sticky":false,"template":"","format":"standard","meta":{"_acf_changed":false,"_sitemap_exclude":false,"_sitemap_priority":"","_sitemap_frequency":"","_analytify_skip_tracking":false,"footnotes":""},"categories":[1],"tags":[],"sgg_keywords":[],"class_list":["post-17460","post","type-post","status-publish","format-standard","hentry","category-padel-news"],"acf":{"tweet":"","hinweis_an_redaktion":"","unternehmen":"","logo_unedited":""},"_links":{"self":[{"href":"https:\/\/www.padel-test.de\/fr\/wp-json\/wp\/v2\/posts\/17460","targetHints":{"allow":["GET"]}}],"collection":[{"href":"https:\/\/www.padel-test.de\/fr\/wp-json\/wp\/v2\/posts"}],"about":[{"href":"https:\/\/www.padel-test.de\/fr\/wp-json\/wp\/v2\/types\/post"}],"author":[{"embeddable":true,"href":"https:\/\/www.padel-test.de\/fr\/wp-json\/wp\/v2\/users\/1"}],"replies":[{"embeddable":true,"href":"https:\/\/www.padel-test.de\/fr\/wp-json\/wp\/v2\/comments?post=17460"}],"version-history":[{"count":0,"href":"https:\/\/www.padel-test.de\/fr\/wp-json\/wp\/v2\/posts\/17460\/revisions"}],"wp:attachment":[{"href":"https:\/\/www.padel-test.de\/fr\/wp-json\/wp\/v2\/media?parent=17460"}],"wp:term":[{"taxonomy":"category","embeddable":true,"href":"https:\/\/www.padel-test.de\/fr\/wp-json\/wp\/v2\/categories?post=17460"},{"taxonomy":"post_tag","embeddable":true,"href":"https:\/\/www.padel-test.de\/fr\/wp-json\/wp\/v2\/tags?post=17460"},{"taxonomy":"sgg_keywords","embeddable":true,"href":"https:\/\/www.padel-test.de\/fr\/wp-json\/wp\/v2\/sgg_keywords?post=17460"}],"curies":[{"name":"wp","href":"https:\/\/api.w.org\/{rel}","templated":true}]}}