{"id":17500,"date":"2015-03-09T23:00:00","date_gmt":"2015-03-09T23:00:00","guid":{"rendered":"http:\/\/www.padel-test.de\/padel-nachrichten\/german-padel-circuit-geht-in-eine-neue-saison\/"},"modified":"2022-10-21T14:17:47","modified_gmt":"2022-10-21T14:17:47","slug":"le-german-padel-circuit-entame-une-nouvelle-saison","status":"publish","type":"post","link":"https:\/\/www.padel-test.de\/fr\/nouvelles-du-padel\/le-german-padel-circuit-entame-une-nouvelle-saison\/","title":{"rendered":"German Padel Circuit 2015 \u00e0 Herne - autres dates fix\u00e9es"},"content":{"rendered":"<p><span style=\"line-height: 1.6em;\">Le site <strong>S\u00e9rie de tournois du German Padel Circuit<\/strong> avec son propre syst\u00e8me de classement est jusqu'\u00e0 pr\u00e9sent le seul \u00e0 \u00eatre organis\u00e9 en Allemagne par la F\u00e9d\u00e9ration Europ\u00e9enne de Padel (<\/span><a style=\"line-height: 1.6em;\" href=\"\/fr\/padel-verband-europa\/\">F\u00e9d\u00e9ration europ\u00e9enne de padel<\/a><span style=\"line-height: 1.6em;\">). En 2013, ann\u00e9e de la premi\u00e8re \u00e9dition, le circuit de padel a \u00e9t\u00e9 lanc\u00e9 sur diff\u00e9rents terrains de padel dans toute l'Allemagne. <a href=\"\/fr\/padel-point-nrw-herne\/\">Padel Point NRW<\/a> se d\u00e9rouleront exclusivement sur les deux courts de padel couverts.<\/span><\/p>\n<p><span style=\"line-height: 1.6em;\">Mike Rose, organisateur de tournois et exploitant, ainsi que l'expert en padel et fondateur de l'agence Full-Servie\u00a0<\/span><a style=\"line-height: 1.6em;\" href=\"\/fr\/padel-plus\/\">Padel Plus<\/a><span style=\"line-height: 1.6em;\">\u00a0C'est gr\u00e2ce \u00e0 Thomas L\u00f6negren que des tournois de padel r\u00e9guliers ont pu \u00eatre organis\u00e9s depuis toujours, m\u00eame pendant les mois d'hiver, et avec d'anciennes gloires du tennis parmi les participants.<\/span><\/p>\n<p>Le German Padel Circuit se joue dans les cat\u00e9gories A et B chez les hommes, dans la cat\u00e9gorie ouverte chez les femmes ainsi que dans la cat\u00e9gorie mixte.<\/p>\n<p style=\"line-height: 20.7999992370605px;\"><strong>D'autres dates du German Padel Circuit 2015 ont \u00e9t\u00e9 fix\u00e9es :<\/strong><\/p>\n<ul style=\"line-height: 20.7999992370605px;\">\n<li><strong>22.03.2015<\/strong><\/li>\n<li><strong>19.04.2015<\/strong><\/li>\n<li><strong>24.05.2015<\/strong><\/li>\n<\/ul>\n<p>Cliquez ici pour voir d'autres dates <a href=\"\/fr\/tournois-de-padel-2\/\">Tournois de padel<\/a><\/p>\n<p><u><strong>Aper\u00e7u des concours et des r\u00e8glements du GPC 2015 :<\/strong><\/u><\/p>\n<p><strong>Concours hommes cat\u00e9gorie A<\/strong><br \/>\nSont autoris\u00e9s \u00e0 s'inscrire les joueurs qui ont d\u00e9j\u00e0 accumul\u00e9 des points de classement GPC. Les joueurs qui ont exactement ou moins de 250 points peuvent \u00e9galement s'inscrire dans la cat\u00e9gorie B. Les joueurs qui n'ont pas de points peuvent s'inscrire dans la cat\u00e9gorie B.<\/p>\n<ul>\n<li>R\u00e9partition des points : 1\u00e8re place : 500, 2\u00e8me place : 350, 3\u00e8me place : 250<\/li>\n<\/ul>\n<p><strong>Concours hommes cat\u00e9gorie B<\/strong><br \/>\nSont autoris\u00e9s \u00e0 s'inscrire les joueurs qui n'ont pas encore accumul\u00e9 de points de classement GPC ou qui ont exactement ou moins de 500 points. Les joueurs qui accumulent des points dans la cat\u00e9gorie B sont int\u00e9gr\u00e9s au syst\u00e8me de classement GPC et peuvent donc s'inscrire en cat\u00e9gorie A lors du prochain tournoi.<\/p>\n<ul>\n<li>R\u00e9partition des points : 1\u00e8re place : 200 points, 2\u00e8me place : 100, 3\u00e8me place : 50<\/li>\n<\/ul>\n<p><strong>Femmes \/ Mixte Comp\u00e9tition A &amp; B<\/strong><br \/>\nSont autoris\u00e9es \u00e0 s'inscrire les joueuses qui n'ont pas encore accumul\u00e9 de points de classement GPC.<\/p>\n<ul>\n<li>R\u00e9partition des points : 1\u00e8re place : 500, 2\u00e8me place : 350, 3\u00e8me place : 250<\/li>\n<\/ul>\n<p>Chaque joueur et joueuse list\u00e9(e) dans le classement GPC emporte 20% des points de l'ann\u00e9e pr\u00e9c\u00e9dente dans l'ann\u00e9e civile en cours. Si un joueur ou une joueuse n'a pas particip\u00e9 \u00e0 un tournoi GPC au cours d'une ann\u00e9e civile, les points de l'ann\u00e9e pr\u00e9c\u00e9dente lui seront retir\u00e9s, sauf s'il ou elle peut pr\u00e9senter un certificat m\u00e9dical. Dans ce cas, les points de l'ann\u00e9e pr\u00e9c\u00e9dente sont prot\u00e9g\u00e9s pendant 6 mois suppl\u00e9mentaires.<\/p>\n<p>Les inscriptions des \u00e9quipes se font en fonction de la date d'inscription. Si le champ d'inscription de la cat\u00e9gorie concern\u00e9e est complet, les \u00e9quipes suivantes seront plac\u00e9es sur la liste d'attente.<\/p>\n<p><strong>Les inscriptions peuvent \u00eatre effectu\u00e9es en ligne \u00e0 l'adresse suivante\u00a0<a href=\"http:\/\/padel.nrw@gmail.com\" rel=\"nofollow noopener\" target=\"_blank\">padel.nrw@gmail.com<\/a><\/strong><\/p>","protected":false},"excerpt":{"rendered":"<p>La s\u00e9rie de tournois German Padel Circuit avec son propre syst\u00e8me de classement est jusqu'\u00e0 pr\u00e9sent la seule en Allemagne \u00e0 \u00eatre organis\u00e9e par la F\u00e9d\u00e9ration Europ\u00e9enne de Padel (<a href=\"\/fr\/padel-verband-europa\/\">F\u00e9d\u00e9ration europ\u00e9enne de padel<\/a>). En 2013, ann\u00e9e de la premi\u00e8re \u00e9dition, le circuit de padel a \u00e9t\u00e9 lanc\u00e9 sur diff\u00e9rents terrains de padel dans toute l'Allemagne. <a href=\"\/fr\/padel-point-nrw-herne\/\">Padel Point NRW<\/a> exclusivement<\/p>","protected":false},"author":1,"featured_media":0,"comment_status":"open","ping_status":"open","sticky":false,"template":"","format":"standard","meta":{"_acf_changed":false,"_sitemap_exclude":false,"_sitemap_priority":"","_sitemap_frequency":"","_analytify_skip_tracking":false,"footnotes":""},"categories":[1],"tags":[],"sgg_keywords":[],"class_list":["post-17500","post","type-post","status-publish","format-standard","hentry","category-padel-news"],"acf":{"tweet":"","hinweis_an_redaktion":"","unternehmen":"","logo_unedited":""},"_links":{"self":[{"href":"https:\/\/www.padel-test.de\/fr\/wp-json\/wp\/v2\/posts\/17500","targetHints":{"allow":["GET"]}}],"collection":[{"href":"https:\/\/www.padel-test.de\/fr\/wp-json\/wp\/v2\/posts"}],"about":[{"href":"https:\/\/www.padel-test.de\/fr\/wp-json\/wp\/v2\/types\/post"}],"author":[{"embeddable":true,"href":"https:\/\/www.padel-test.de\/fr\/wp-json\/wp\/v2\/users\/1"}],"replies":[{"embeddable":true,"href":"https:\/\/www.padel-test.de\/fr\/wp-json\/wp\/v2\/comments?post=17500"}],"version-history":[{"count":0,"href":"https:\/\/www.padel-test.de\/fr\/wp-json\/wp\/v2\/posts\/17500\/revisions"}],"wp:attachment":[{"href":"https:\/\/www.padel-test.de\/fr\/wp-json\/wp\/v2\/media?parent=17500"}],"wp:term":[{"taxonomy":"category","embeddable":true,"href":"https:\/\/www.padel-test.de\/fr\/wp-json\/wp\/v2\/categories?post=17500"},{"taxonomy":"post_tag","embeddable":true,"href":"https:\/\/www.padel-test.de\/fr\/wp-json\/wp\/v2\/tags?post=17500"},{"taxonomy":"sgg_keywords","embeddable":true,"href":"https:\/\/www.padel-test.de\/fr\/wp-json\/wp\/v2\/sgg_keywords?post=17500"}],"curies":[{"name":"wp","href":"https:\/\/api.w.org\/{rel}","templated":true}]}}