{"id":17530,"date":"2015-10-22T22:00:00","date_gmt":"2015-10-22T22:00:00","guid":{"rendered":"http:\/\/www.padel-test.de\/padel-nachrichten\/mauricio-munoz-uber-das-chaos-vor-den-12-world-open-padel-championships-in-malaga\/"},"modified":"2022-10-21T14:17:39","modified_gmt":"2022-10-21T14:17:39","slug":"mauricio-munoz-sur-le-chaos-avant-les-12-world-open-padel-championships-in-malaga","status":"publish","type":"post","link":"https:\/\/www.padel-test.de\/fr\/nouvelles-du-padel\/mauricio-munoz-sur-le-chaos-avant-les-12-world-open-padel-championships-in-malaga\/","title":{"rendered":"Mauricio Mu\u00f1oz parle du chaos avant le 12e World Open Padel Championships \u00e0 Malaga"},"content":{"rendered":"<p><strong>Commentaire de\u00a0<span style=\"line-height: 20.8px;\">Mauricio Mu\u00f1oz s'exprime sur les turbulences qui ont pr\u00e9c\u00e9d\u00e9 le World Open Padel Championship \u00e0 Malaga :<\/span><\/strong><\/p>\n<p><em>&#8222;Ich m\u00f6chte gerne den schwierigen Moment, den die geselligste und unterhaltendste Sportart,<span style=\"line-height: 20.8px;\">\u00a0Padel,<\/span>\u00a0que je suis en train de vivre. <\/em><\/p>\n<p><em>Pour commencer, je tiens \u00e0 dire qu'il est insupportable et grave que la comp\u00e9tition la plus importante pour les joueurs internationaux, surtout en dehors de l'Espagne, soit annul\u00e9e de cette mani\u00e8re. <\/em><\/p>\n<p><em>Je suis convaincu que la F\u00e9d\u00e9ration internationale de padel fait un travail impeccable pour unifier le padel mondial et faire conna\u00eetre le padel au niveau international. J'entends des joueurs de Belgique, d'Allemagne, de Suisse et de Hollande (qui voulaient en fait participer au tournoi) dire qu'ils ne comprennent pas comment cela peut arriver et qu'il n'y a pas d'explication logique \u00e0 cela.<\/em><\/p>\n<p><em>Une fois de plus, la croissance du sport est endommag\u00e9e de mani\u00e8re durable et irr\u00e9parable :<br \/>\nIl y a d'un c\u00f4t\u00e9, qui est \u00e0 mon avis le plus important, le fait que les responsables ne parviennent pas \u00e0 se mettre d'accord avec les joueurs professionnels en ce qui concerne la participation \u00e0 cette comp\u00e9tition internationale. <\/em><\/p>\n<p><em>D'un autre c\u00f4t\u00e9, ils doivent aussi comprendre qu'un joueur allemand, suisse, hollandais ou belge a d\u00fb demander des cong\u00e9s sur son lieu de travail pour pouvoir vivre son grand r\u00eave, la participation \u00e0 cette comp\u00e9tition, et qu'en plus, ils investissent de l'argent pour pouvoir y participer. <\/em><\/p>\n<p><em>J'aimerais que les responsables du sport, qu'il s'agisse des joueurs, des f\u00e9d\u00e9rations, des marques ou des entreprises qui repr\u00e9sentent le sport, voient plus loin que les int\u00e9r\u00eats financiers et que des synergies puissent \u00eatre cr\u00e9\u00e9es avec la FIP afin de f\u00e9d\u00e9rer le padel et de respecter les forces et la passion que chacun met dans ce sport. <\/em><\/p>\n<p><em>Weiterhin tr\u00e4ume ich davon, dass Padel auf der ganzen Welt gespielt wird, und eines Tages sogar olympische Disziplin wird. Ich hoffe, dass diejenigen, welche f\u00fcr die Absage des Turniers verantwortlich sind, von diesem Albtraum erwachen, welchen wir heute erleben mussten, und den irreparablen Schaden dieser Entscheidung versuchen zu reparieren!&#8220;<\/em><\/p>\n<p>Traduit de l'espagnol par la passionn\u00e9e de padel Anita R\u00f6sler, Berlin - un grand merci de la part de la r\u00e9daction de Padel-Test !<\/p>\n<p><u>Dans l'original (espagnol) :<\/u><\/p>\n<p><em>&#8222;Me gustaria expresar en estos momentos dificiles sobre el deporte mas social y divertido del mundo, el Padel.<\/em><\/p>\n<p><em>Para empezar a creernos en la internacionalizacion del Padel es intorable y de mal gusto que la competicion mas importante para muchos jugadores internacionales, especialmente fuera de Espa\u00f1a, se suspenda o se cancele de estas maneras.<\/em><\/p>\n<p><em>Estoy convencido que la Federacion Internacional de Padel Esta haciendo una labor impecable a la hora de unir el Padel mundial para que esto de la internacionalizacion sea una realidad.<\/em><\/p>\n<p><em>Escuchar a los jugadores que supuestamente iban a competir de paises como Belgica, Alemania, Suecia, Holanda, y decir que no entienden como puede suceder esto con el Padel, no encuentran explicacion logica a todo este episodio, donde una vez mas se da\u00f1a de una manera irreparabile el crecimiento y la internacionalizacion del Padel.<\/em><\/p>\n<p><em>Hay una parte y creo que para mi la mas importante, que los responsables de no llegar a un acuerdo con los jugadores profesionales en la participacion del Campeonato del Mundo, tienen que entender que un jugador Aleman, Sueco, Belga, Holandes y de otros paises, han tenido que pedir dias de sus vacaciones en sus respectivos trabajos para poder estar presentes con su mayor ilusion en un Campeonato del mundo, y que todos ellos ponen dinero de su bolsillo para poder participar con la mayor ilusion, jamas imaginada en una competicion de este calibre.<\/em><\/p>\n<p><em>Solo me gustaria que muchos responsables de este deporte, ya sean jugadores, federaciones, Marcas y Empresas relacionadas al Padel, que por favor miren mas alla de sus intereses economicos y que de una vez junto a la Federacion Internacional de Padel, juntemos todas esinergias para un Padel unificado, para un Padel Limpio, para un Padel con el desarrollo correcto en todos los aspectos sean deportivos o federativos, y que de una vez por todas nos respetemos Unos a los otros por tanto esfuerzo y cari\u00f1o que todos en algun momento le dedicamos a este gran Deporte.<\/em><\/p>\n<p><em>Sin mas que decir, solo seguire so\u00f1ando con que el Padel llegue a jugarse en todo el Mundo y algun dia pueda ser deporte Olimpico, espero que este sue\u00f1o los responsables de la suspension de Esta competicion despierten de la pesadilla que hoy nos toca vivir y reparen el da\u00f1o irreparable de Esta decision.<\/em><\/p>\n<p><em>saludo a todos&#8220;<\/em><\/p>\n<p>Mauricio Mu\u00f1oz<\/p>","protected":false},"excerpt":{"rendered":"<p>Commentaire de Mauricio Mu\u00f1oz sur les turbulences qui ont pr\u00e9c\u00e9d\u00e9 le World Open Padel Chempionships de Malaga : \"J'aimerais mettre des mots sur le moment difficile que vit actuellement le sport le plus convivial et le plus divertissant, le padel. Pour commencer, je tiens \u00e0 dire que c'est insupportable et grave...<\/p>","protected":false},"author":1,"featured_media":0,"comment_status":"open","ping_status":"open","sticky":false,"template":"","format":"standard","meta":{"_acf_changed":false,"_sitemap_exclude":false,"_sitemap_priority":"","_sitemap_frequency":"","_analytify_skip_tracking":false,"footnotes":""},"categories":[1],"tags":[],"sgg_keywords":[],"class_list":["post-17530","post","type-post","status-publish","format-standard","hentry","category-padel-news"],"acf":{"tweet":"","hinweis_an_redaktion":"","unternehmen":"","logo_unedited":""},"_links":{"self":[{"href":"https:\/\/www.padel-test.de\/fr\/wp-json\/wp\/v2\/posts\/17530","targetHints":{"allow":["GET"]}}],"collection":[{"href":"https:\/\/www.padel-test.de\/fr\/wp-json\/wp\/v2\/posts"}],"about":[{"href":"https:\/\/www.padel-test.de\/fr\/wp-json\/wp\/v2\/types\/post"}],"author":[{"embeddable":true,"href":"https:\/\/www.padel-test.de\/fr\/wp-json\/wp\/v2\/users\/1"}],"replies":[{"embeddable":true,"href":"https:\/\/www.padel-test.de\/fr\/wp-json\/wp\/v2\/comments?post=17530"}],"version-history":[{"count":0,"href":"https:\/\/www.padel-test.de\/fr\/wp-json\/wp\/v2\/posts\/17530\/revisions"}],"wp:attachment":[{"href":"https:\/\/www.padel-test.de\/fr\/wp-json\/wp\/v2\/media?parent=17530"}],"wp:term":[{"taxonomy":"category","embeddable":true,"href":"https:\/\/www.padel-test.de\/fr\/wp-json\/wp\/v2\/categories?post=17530"},{"taxonomy":"post_tag","embeddable":true,"href":"https:\/\/www.padel-test.de\/fr\/wp-json\/wp\/v2\/tags?post=17530"},{"taxonomy":"sgg_keywords","embeddable":true,"href":"https:\/\/www.padel-test.de\/fr\/wp-json\/wp\/v2\/sgg_keywords?post=17530"}],"curies":[{"name":"wp","href":"https:\/\/api.w.org\/{rel}","templated":true}]}}