{"id":17570,"date":"2019-01-27T20:06:41","date_gmt":"2019-01-27T20:06:41","guid":{"rendered":"http:\/\/www.padel-test.de\/padel-nachrichten\/hauptversammlung-dpb-30-03-2019-frankfurt\/"},"modified":"2022-10-21T14:17:37","modified_gmt":"2022-10-21T14:17:37","slug":"hauptversammlung-dpb-30-03-2019-frankfurt","status":"publish","type":"post","link":"https:\/\/www.padel-test.de\/fr\/nouvelles-du-padel\/hauptversammlung-dpb-30-03-2019-frankfurt\/","title":{"rendered":"Assembl\u00e9e g\u00e9n\u00e9rale de la DPB le 30.03.2019 \u00e0 Francfort - participez d\u00e8s maintenant \u00e0 l'avenir du padel en Allemagne !"},"content":{"rendered":"<p>Le 30.03.2019 \u00e0 partir de 13h00 aura lieu sur le site du <a href=\"\/fr\/padel-francfort-niddapark\/\">Centre de tennis Niddapark, Am Ginnheimer W\u00e4ldchen 1, 60431 Francfort<\/a> l'assembl\u00e9e g\u00e9n\u00e9rale du <a href=\"\/fr\/federation-allemande-de-padel\/\">F\u00e9d\u00e9ration allemande de padel (DPB)<\/a> aura lieu. Outre les points habituels d'une assembl\u00e9e g\u00e9n\u00e9rale, l'objectif principal de cette AG est d'\u00e9tablir le DPB en tant que f\u00e9d\u00e9ration unifi\u00e9e du padel allemand et d'y int\u00e9grer le plus grand nombre possible de passionn\u00e9s de padel de toutes les r\u00e9gions d'Allemagne.<\/p>\n<p>L'ensemble du comit\u00e9 directeur sera \u00e9lu \u00e0 cette occasion - un v\u00e9ritable nouveau d\u00e9part est donc possible. Tout le monde peut et doit s'impliquer !<\/p>\n<p>Outre les clubs de padel (50,- euros de cotisation annuelle), les joueurs de padel individuels (30,- euros de cotisation annuelle) peuvent d\u00e9sormais s'inscrire \u00e0 temps pour l'assembl\u00e9e g\u00e9n\u00e9rale.\u00a0<a href=\"https:\/\/www.deutscherpadelbund.de\/startseite\/dpb-mitgliedschaft\/\" target=\"_blank\" rel=\"nofollow noopener noreferrer\">Devenir membre du DPB<\/a> et contribuer \u00e0 d\u00e9velopper le padel en Allemagne. Rien que cette ann\u00e9e, 20 nouveaux membres se sont inscrits et de nouveaux passionn\u00e9s de padel nous rejoignent chaque jour !<\/p>\n<p>&nbsp;<\/p>\n<p><strong>L'ordre du jour de l'assembl\u00e9e g\u00e9n\u00e9rale du DPB se pr\u00e9sente comme suit :<\/strong><\/p>\n<p>13:00 1. accueil et constatation du quorum<br \/>\n13:05 2\u00e8me \u00e9lection du secr\u00e9taire de s\u00e9ance\/chef de file<br \/>\n13:10 3. pr\u00e9sentation du proc\u00e8s-verbal de l'AG du 7 octobre 2017<br \/>\n13:15 4\u00e8me rapport sur la situation DPV\/DPB<br \/>\n13:45 5\u00e8me DPB r\u00e9orientation<br \/>\n14:15 6. futurs partenaires de coop\u00e9ration du DPB<br \/>\n14:30 7e German Padel Tour 2019<br \/>\n15:00 8. rapport de tr\u00e9sorerie et proposition de budget pour 2019<br \/>\n15:15 9. d\u00e9charge du comit\u00e9 directeur<br \/>\n15:20 10. \u00e9lection des v\u00e9rificateurs aux comptes pour l'ann\u00e9e 2019<br \/>\n15:25 11. pr\u00e9sentation et vote par les membres pour :<\/p>\n<p style=\"padding-left: 30px;\">11.1 Nouveaux statuts du DPB<br \/>\n11.2 Nouveau bar\u00e8me des cotisations<\/p>\n<p>&nbsp;<\/p>\n<p>16:00 Pause<\/p>\n<p>16:15 12. \u00e9lection du pr\u00e9sident du bureau de vote<br \/>\n16.20 13. Pr\u00e9sentation des candidats au nouveau comit\u00e9 directeur du DPB<br \/>\n16:50 14e \u00e9lection du comit\u00e9 directeur<br \/>\n17:15 15. questions diverses<br \/>\n17:30 Fin de l'\u00e9v\u00e9nement<\/p>\n<p>Des places de parking en nombre suffisant sont disponibles directement devant le site du club.<\/p>\n<p>&nbsp;<\/p>\n<p style=\"text-align: center;\"><strong>Plus d'actualit\u00e9s sur le padel :<\/strong><\/p>\n<p style=\"text-align: center;\"><a href=\"\/fr\/test-de-padel\/nachrichten\/la-federation-allemande-de-padel-se-developpe-fortement-tournois-membres\/\">L'association allemande de padel poursuit sa forte croissance - plus de tournois et de membres<\/a><\/p>\n<p style=\"text-align: center;\"><a href=\"\/fr\/tournois-de-padel-2\/\">2e Padelbase Werne Open du 08 au 10 f\u00e9vrier 2019 - GPT 500 &amp; GPT 250<\/a><\/p>\n<p style=\"text-align: center;\">","protected":false},"excerpt":{"rendered":"<p>Le 30.03.2019 \u00e0 partir de 13h00 aura lieu sur le site du <a href=\"\/fr\/padel-francfort-niddapark\/\">Centre de tennis Niddapark Frankfurt<\/a> l'assembl\u00e9e g\u00e9n\u00e9rale du\u00a0<a href=\"\/fr\/federation-allemande-de-padel\/\">F\u00e9d\u00e9ration allemande de padel (DPB)<\/a> a eu lieu. Outre les points habituels d'une assembl\u00e9e g\u00e9n\u00e9rale, l'objectif principal de cette AG est d'\u00e9tablir le DPB en tant que f\u00e9d\u00e9ration unifi\u00e9e du padel allemand et, si possible, de...<\/p>","protected":false},"author":1,"featured_media":0,"comment_status":"open","ping_status":"open","sticky":false,"template":"","format":"standard","meta":{"_acf_changed":false,"_sitemap_exclude":false,"_sitemap_priority":"","_sitemap_frequency":"","_analytify_skip_tracking":false,"footnotes":""},"categories":[1],"tags":[214,236],"sgg_keywords":[],"class_list":["post-17570","post","type-post","status-publish","format-standard","hentry","category-padel-news","tag-dpb","tag-hauptversammlung"],"acf":{"tweet":"","hinweis_an_redaktion":"","unternehmen":"","logo_unedited":""},"_links":{"self":[{"href":"https:\/\/www.padel-test.de\/fr\/wp-json\/wp\/v2\/posts\/17570","targetHints":{"allow":["GET"]}}],"collection":[{"href":"https:\/\/www.padel-test.de\/fr\/wp-json\/wp\/v2\/posts"}],"about":[{"href":"https:\/\/www.padel-test.de\/fr\/wp-json\/wp\/v2\/types\/post"}],"author":[{"embeddable":true,"href":"https:\/\/www.padel-test.de\/fr\/wp-json\/wp\/v2\/users\/1"}],"replies":[{"embeddable":true,"href":"https:\/\/www.padel-test.de\/fr\/wp-json\/wp\/v2\/comments?post=17570"}],"version-history":[{"count":0,"href":"https:\/\/www.padel-test.de\/fr\/wp-json\/wp\/v2\/posts\/17570\/revisions"}],"wp:attachment":[{"href":"https:\/\/www.padel-test.de\/fr\/wp-json\/wp\/v2\/media?parent=17570"}],"wp:term":[{"taxonomy":"category","embeddable":true,"href":"https:\/\/www.padel-test.de\/fr\/wp-json\/wp\/v2\/categories?post=17570"},{"taxonomy":"post_tag","embeddable":true,"href":"https:\/\/www.padel-test.de\/fr\/wp-json\/wp\/v2\/tags?post=17570"},{"taxonomy":"sgg_keywords","embeddable":true,"href":"https:\/\/www.padel-test.de\/fr\/wp-json\/wp\/v2\/sgg_keywords?post=17570"}],"curies":[{"name":"wp","href":"https:\/\/api.w.org\/{rel}","templated":true}]}}