{"id":17572,"date":"2019-05-16T10:10:40","date_gmt":"2019-05-16T10:10:40","guid":{"rendered":"http:\/\/www.padel-test.de\/padel-nachrichten\/menorca-open-2019-world-padel-tour-urlaub-einem\/"},"modified":"2022-10-21T14:17:36","modified_gmt":"2022-10-21T14:17:36","slug":"menorca-open-2019-world-padel-tour-vacances-un","status":"publish","type":"post","link":"https:\/\/www.padel-test.de\/fr\/nouvelles-du-padel\/menorca-open-2019-world-padel-tour-vacances-un\/","title":{"rendered":"Menorca Open 2019 - World Padel Tour et vacances en m\u00eame temps !"},"content":{"rendered":"<p><a href=\"\/fr\/test-de-padel\/\">Test de padel<\/a>Du 9 au 13 octobre 2019, un tournoi du World Padel Tour aura lieu \u00e0 Minorque. C'est l'occasion de voir de pr\u00e8s les meilleurs joueurs de padel du monde et de passer de bonnes vacances alors que l'automne est d\u00e9j\u00e0 bien froid en Allemagne ! Que diriez-vous de voir les meilleurs joueurs de padel du monde en direct et de passer du bon temps sur les magnifiques plages de l'\u00eele ?<\/p>\n<p><strong>Il est pr\u00e9vu<\/strong><\/p>\n<ul>\n<li>Un s\u00e9jour de 5 jours sur la magnifique \u00eele de Minorque<\/li>\n<li>Assister en direct aux quarts de finale et aux demi-finales du World Padel Tour de l'Open de Minorque 2019<\/li>\n<li>Chiller et se d\u00e9tendre sur les plages de sable fin de Minorque<\/li>\n<li>Manier la raquette de padel sur place et jouer contre des locaux<\/li>\n<li>Parler boutique avec d'autres fous de padel et passer un bon moment<\/li>\n<\/ul>\n<p>&nbsp;<\/p>\n<p><strong>Les dates cl\u00e9s :<\/strong><\/p>\n<p>Du 9 au 13 octobre 2019 (du mercredi au dimanche)<\/p>\n<p>&nbsp;<\/p>\n<p><strong>H\u00f4tel : <\/strong><\/p>\n<p><strong>Occidental Menorca****<\/strong><\/p>\n<ul>\n<li>(4 nuits avec petit d\u00e9jeuner buffet), \u00e0 100m de la plage, 10min du site du WPT<\/li>\n<li>Avec parc sportif (y compris 2 terrains de padel)<\/li>\n<li>Billets pour le WPT pour le vendredi et le samedi (= quarts de finale et demi-finales)<\/li>\n<li>Location de voiture (5 jours, assurance tous risques) \u00e0 partir de l'a\u00e9roport de Mahon \u00e0 Minorque<\/li>\n<\/ul>\n<p>&nbsp;<\/p>\n<p><strong>L'Open de Minorque 2019<\/strong><\/p>\n<p>Les matchs se d\u00e9rouleront dans le pavillon de Minorque, qui peut accueillir 5.000 spectateurs. Le vendredi et le samedi, nous pourrons admirer les meilleurs joueurs de padel du monde et suivre leurs \u00e9changes spectaculaires.<br \/>\nAvec les quarts de finale et les demi-finales des hommes et des femmes, nous avons la possibilit\u00e9 de voir en direct une multitude de matchs de haut niveau.<br \/>\n<strong>Co\u00fbts :<\/strong><\/p>\n<table class=\"mcntMsoNormalTable\" style=\"height: 197px;\" border=\"0\" width=\"414\">\n<tbody>\n<tr>\n<td valign=\"top\" width=\"304\">\n<p class=\"mcntMsoNormal\">Personnes<\/p>\n<\/td>\n<td valign=\"top\" width=\"304\">\n<p class=\"mcntMsoNormal\">Chambre simple<br \/>\navec 1 personne<\/p>\n<\/td>\n<td valign=\"top\" width=\"304\">\n<p class=\"mcntMsoNormal\">Chambre double<br \/>\navec 2 personnes<\/p>\n<\/td>\n<td valign=\"top\" width=\"304\">\n<p class=\"mcntMsoNormal\">Chambre familiale<br \/>\navec 4 personnes<\/p>\n<\/td>\n<\/tr>\n<tr>\n<td valign=\"top\" width=\"304\">\n<p class=\"mcntMsoNormal\">Prix par personne<\/p>\n<\/td>\n<td valign=\"top\" width=\"304\">\n<p class=\"mcntMsoNormal\">550 euros<br \/>\nTVA incluse*<\/p>\n<\/td>\n<td valign=\"top\" width=\"304\">\n<p class=\"mcntMsoNormal\">450 euros<br \/>\nTVA incluse **<\/p>\n<\/td>\n<td valign=\"top\" width=\"304\">\n<p class=\"mcntMsoNormal\">400 euros<br \/>\nTVA incluse **<\/p>\n<\/td>\n<\/tr>\n<\/tbody>\n<\/table>\n<p><em>R\u00e9duction pour r\u00e9servation anticip\u00e9e de 10% jusqu'au 31 mai 2019<\/em><\/p>\n<p>&nbsp;<\/p>\n<p><strong>Conditions de paiement :<br \/>\n<\/strong>Par virement bancaire. 50% d'acompte \u00e0 la r\u00e9servation. Les 50% restants avant le 31.07.2019.<\/p>\n<p><strong>Services inclus<\/strong><\/p>\n<ul>\n<li>4 nuit\u00e9es avec buffet de petit-d\u00e9jeuner \u00e0 l'h\u00f4tel ****<\/li>\n<li>5 jours de location de voiture (Audi A1 avec assurance tous risques)<\/li>\n<li>Billets (2e cat\u00e9gorie) WPT pour le vendredi et le samedi<\/li>\n<li>Location de place pour un total de 8h<\/li>\n<li>Matchs contre des locaux<\/li>\n<\/ul>\n<p><strong>Prestations exclusives<\/strong><\/p>\n<ul>\n<li>Vols vers\/depuis Minorque<\/li>\n<li>Essence pour la voiture de location<\/li>\n<li>Repas (sauf petit-d\u00e9jeuner)<\/li>\n<li>Heures d'entra\u00eenement (si souhait\u00e9)<\/li>\n<li>Location de raquettes et de balles (disponibles sur place)<\/li>\n<li>Activit\u00e9s (si souhait\u00e9es)<\/li>\n<\/ul>\n<p>&nbsp;<\/p>\n<p><strong>Contact :<\/strong><\/p>\n<p>Thomas L\u00f6negren<br \/>\n+49 176 20 12 36 01<br \/>\ninfo@tl-tennis-padel.de<\/p>\n<p>&nbsp;<\/p>\n<div id=\"attachment_6343\" style=\"width: 610px\" class=\"wp-caption aligncenter\"><img loading=\"lazy\" decoding=\"async\" aria-describedby=\"caption-attachment-6343\" class=\"wp-image-6343 size-full\" src=\"https:\/\/www.padel-test.de\/wp-content\/uploads\/2022\/09\/German-Menorca-Open-2019.png\" alt=\"WPT Open de Minorque 2019\" width=\"600\" height=\"849\" \/><p id=\"caption-attachment-6343\" class=\"wp-caption-text\">WPT Open de Minorque 2019<\/p><\/div>","protected":false},"excerpt":{"rendered":"<p>Du 9 au 13 octobre 2019, un tournoi du Wolrd Padel Tour aura lieu \u00e0 Minorque.  C'est l'occasion de rencontrer les meilleurs joueurs de padel du monde et de passer de bonnes vacances.<\/p>","protected":false},"author":1,"featured_media":14333,"comment_status":"open","ping_status":"open","sticky":false,"template":"","format":"standard","meta":{"_acf_changed":false,"_sitemap_exclude":false,"_sitemap_priority":"","_sitemap_frequency":"","_analytify_skip_tracking":false,"footnotes":""},"categories":[1],"tags":[237,205,238],"sgg_keywords":[],"class_list":["post-17572","post","type-post","status-publish","format-standard","has-post-thumbnail","hentry","category-padel-news","tag-menorca","tag-padel-training","tag-world-padel-tour"],"acf":{"tweet":"","hinweis_an_redaktion":"","unternehmen":"","logo_unedited":""},"_links":{"self":[{"href":"https:\/\/www.padel-test.de\/fr\/wp-json\/wp\/v2\/posts\/17572","targetHints":{"allow":["GET"]}}],"collection":[{"href":"https:\/\/www.padel-test.de\/fr\/wp-json\/wp\/v2\/posts"}],"about":[{"href":"https:\/\/www.padel-test.de\/fr\/wp-json\/wp\/v2\/types\/post"}],"author":[{"embeddable":true,"href":"https:\/\/www.padel-test.de\/fr\/wp-json\/wp\/v2\/users\/1"}],"replies":[{"embeddable":true,"href":"https:\/\/www.padel-test.de\/fr\/wp-json\/wp\/v2\/comments?post=17572"}],"version-history":[{"count":0,"href":"https:\/\/www.padel-test.de\/fr\/wp-json\/wp\/v2\/posts\/17572\/revisions"}],"wp:featuredmedia":[{"embeddable":true,"href":"https:\/\/www.padel-test.de\/fr\/wp-json\/wp\/v2\/media\/14333"}],"wp:attachment":[{"href":"https:\/\/www.padel-test.de\/fr\/wp-json\/wp\/v2\/media?parent=17572"}],"wp:term":[{"taxonomy":"category","embeddable":true,"href":"https:\/\/www.padel-test.de\/fr\/wp-json\/wp\/v2\/categories?post=17572"},{"taxonomy":"post_tag","embeddable":true,"href":"https:\/\/www.padel-test.de\/fr\/wp-json\/wp\/v2\/tags?post=17572"},{"taxonomy":"sgg_keywords","embeddable":true,"href":"https:\/\/www.padel-test.de\/fr\/wp-json\/wp\/v2\/sgg_keywords?post=17572"}],"curies":[{"name":"wp","href":"https:\/\/api.w.org\/{rel}","templated":true}]}}