{"id":17583,"date":"2019-06-22T17:13:51","date_gmt":"2019-06-22T17:13:51","guid":{"rendered":"http:\/\/www.padel-test.de\/padel-nachrichten\/carta-aberta-a-dpv\/"},"modified":"2022-10-21T14:17:30","modified_gmt":"2022-10-21T14:17:30","slug":"carta-aberta-a-dpv","status":"publish","type":"post","link":"https:\/\/www.padel-test.de\/fr\/nouvelles-du-padel\/carta-aberta-a-dpv\/","title":{"rendered":"Carta aberta a DPV - Version portugaise"},"content":{"rendered":"<p>Caro Sr. de Dahle,<\/p>\n<p>no site da Associa\u00e7\u00e3o Alem\u00e3 de Padel voc\u00ea se designa como seu presidente.<\/p>\n<p>Como os e-mails n\u00e3o s\u00e3o respondidos regularmente pelo DPV, n\u00f3s (como membros do DPV) decidimos o caminho da carta aberta.<\/p>\n<p>&nbsp;<\/p>\n<p><strong>Especificamente, gostar\u00edamos de pedir uma opini\u00e3o sobre o seguinte processo :<\/strong><\/p>\n<p>O Sr. Darek Nowicki, o jogador de padel alem\u00e3o de maior sucesso at\u00e9 agora, foi oficialmente nomeado representante do Padel alem\u00e3o para a EuroAmerika Padel Cup de 4 a 6 de julho para o Estoril por Willy Lahoz (Padel Profissional - Capit\u00e3o Team Europa).<\/p>\n<p>Em vez de esperar por essa liga\u00e7\u00e3o ou de parabenizar e apoiar o jogador, voc\u00ea chamou os organizadores (temos v\u00e1rios testenunhas) e afirmou que o Sr. Nowicki foi suspenso pelo DPV em todos os eventos da Padel. Um passo muito antidesportivo e tamb\u00e9m contraproducente para o desenvolvimento do esporte de padel alem\u00e3o.<\/p>\n<p>Al\u00e9m disso, n\u00e3o estamos cientes de uma suspens\u00e3o do jogador Darek Nowicki. D'ailleurs, il n'y a pas qu'un seul jogador de padel en Allemagne.<\/p>\n<p>&nbsp;<\/p>\n<p>Como membros do DPV, pedimos que voc\u00ea nos explique o seguinte :<\/p>\n<p><strong>1) Como voc\u00ea se sente capacitado para falar pelo DPV (como presidente) ?<\/strong><\/p>\n<p>De acordo com o \u00faltimo registro de associa\u00e7\u00f5es de 21 de junho de 2019, voc\u00ea nem pertence ao conselho do DPV (aqui uma compara\u00e7\u00e3o dos dados do registro de clubes em Col\u00f4nia com os do site do DPV).<\/p>\n<p>&nbsp;<\/p>\n<p><strong>\u00a02) Quando e como o Sr. Nowicki deveria ter sido suspenso pelo DPV ?<\/strong><\/p>\n<p>Cette proposition ne peut \u00eatre impos\u00e9e arbitrairement et doit \u00eatre d\u00e9cid\u00e9e lors d'une r\u00e9union g\u00e9n\u00e9rale ou, \u00e0 d\u00e9faut, \u00eatre pr\u00e9sent\u00e9e \u00e0 cette occasion. Em nenhuma reuni\u00e3o geral \u00fanica desde 2010 pode ser encontrada uma nota correspondente. Al\u00e9m disso, o jogador teria que ser informado sobre isso e tamb\u00e9m ouvir. Isso tamb\u00e9m n\u00e3o aconteceu. Ent\u00e3o, a que voc\u00ea se refere quando fala da suspens\u00e3o de um jogador ?<\/p>\n<p>&nbsp;<\/p>\n<p>Estamos ansiosos para sua resposta em breve.<br \/>\n- TC Niddapark<br \/>\n- David Ernsting<br \/>\n- Dirk Jungels<\/p>\n<p>-&gt; Os signat\u00e1rios s\u00e3o todos membros do DPV (Les signataires sont tous membres du DPV)<\/p>\n<p>&nbsp;<\/p>\n<p>Anexo : Registro de Associa\u00e7\u00e3o Atual - VR 16389 no Tribunal Distrital de Col\u00f4nia - 21 de junho de 2019<\/p>\n<div id=\"attachment_6689\" style=\"width: 605px\" class=\"wp-caption alignnone\"><img loading=\"lazy\" decoding=\"async\" aria-describedby=\"caption-attachment-6689\" class=\"wp-image-6689 size-full\" src=\"https:\/\/www.padel-test.de\/wp-content\/uploads\/2022\/09\/Deutscher-Padel-Verband-VR_16389Aktueller_Abdruck.jpg\" alt=\"Deutscher Padel Verband VR 16389+Impression actuelle 21 juin 2019\" width=\"595\" height=\"842\" \/><p id=\"caption-attachment-6689\" class=\"wp-caption-text\">Deutscher Padel Verband VR 16389+Impression actuelle 21 juin 2019<\/p><\/div>\n<p>&nbsp;<\/p>\n<p>&nbsp;<\/p>\n<p style=\"text-align: center;\"><strong>Note de la r\u00e9daction :<\/strong><\/p>\n<p style=\"text-align: center;\"><strong>Prochainement, nous publierons \u00e9galement un article d\u00e9taill\u00e9 sur les <em>Assembl\u00e9e g\u00e9n\u00e9rale<\/em> de la DPV le 19.05.2019 \u00e0 Hambourg.<\/strong><\/p>\n<p>&nbsp;<\/p>","protected":false},"excerpt":{"rendered":"<p>Caro Sr. von Dahle,no site da Associa\u00e7\u00e3o Alem\u00e3 de Padel voc\u00ea se designa como seu presidente.Como os e-mails n\u00e3o s\u00e3o respondidos regularmente pelo DPV, n\u00f3s (como membros do DPV) decidimos o caminho ...<\/p>","protected":false},"author":1,"featured_media":14349,"comment_status":"open","ping_status":"open","sticky":false,"template":"","format":"standard","meta":{"_acf_changed":false,"_sitemap_exclude":false,"_sitemap_priority":"","_sitemap_frequency":"","_analytify_skip_tracking":false,"footnotes":""},"categories":[1],"tags":[230],"sgg_keywords":[],"class_list":["post-17583","post","type-post","status-publish","format-standard","has-post-thumbnail","hentry","category-padel-news","tag-dpv"],"acf":{"tweet":"","hinweis_an_redaktion":"","unternehmen":"","logo_unedited":""},"_links":{"self":[{"href":"https:\/\/www.padel-test.de\/fr\/wp-json\/wp\/v2\/posts\/17583","targetHints":{"allow":["GET"]}}],"collection":[{"href":"https:\/\/www.padel-test.de\/fr\/wp-json\/wp\/v2\/posts"}],"about":[{"href":"https:\/\/www.padel-test.de\/fr\/wp-json\/wp\/v2\/types\/post"}],"author":[{"embeddable":true,"href":"https:\/\/www.padel-test.de\/fr\/wp-json\/wp\/v2\/users\/1"}],"replies":[{"embeddable":true,"href":"https:\/\/www.padel-test.de\/fr\/wp-json\/wp\/v2\/comments?post=17583"}],"version-history":[{"count":0,"href":"https:\/\/www.padel-test.de\/fr\/wp-json\/wp\/v2\/posts\/17583\/revisions"}],"wp:featuredmedia":[{"embeddable":true,"href":"https:\/\/www.padel-test.de\/fr\/wp-json\/wp\/v2\/media\/14349"}],"wp:attachment":[{"href":"https:\/\/www.padel-test.de\/fr\/wp-json\/wp\/v2\/media?parent=17583"}],"wp:term":[{"taxonomy":"category","embeddable":true,"href":"https:\/\/www.padel-test.de\/fr\/wp-json\/wp\/v2\/categories?post=17583"},{"taxonomy":"post_tag","embeddable":true,"href":"https:\/\/www.padel-test.de\/fr\/wp-json\/wp\/v2\/tags?post=17583"},{"taxonomy":"sgg_keywords","embeddable":true,"href":"https:\/\/www.padel-test.de\/fr\/wp-json\/wp\/v2\/sgg_keywords?post=17583"}],"curies":[{"name":"wp","href":"https:\/\/api.w.org\/{rel}","templated":true}]}}