{"id":17608,"date":"2020-09-24T07:26:16","date_gmt":"2020-09-24T07:26:16","guid":{"rendered":"http:\/\/www.padel-test.de\/padel-nachrichten\/padelworld-bochum-aufschlag-padel-langendreer\/"},"modified":"2022-10-21T14:17:30","modified_gmt":"2022-10-21T14:17:30","slug":"padelworld-bochum-service-padel-langendreer","status":"publish","type":"post","link":"https:\/\/www.padel-test.de\/fr\/nouvelles-du-padel\/padelworld-bochum-service-padel-langendreer\/","title":{"rendered":"Padelworld Bochum : Coup d'envoi pour le padel \u00e0 Bochum"},"content":{"rendered":"<p><a href=\"\/fr\/sites-de-padel-2\/padel-world-bochum\/\">padelworld Bochum<\/a>Le plus grand complexe de padel en ext\u00e9rieur d'Allemagne ouvrira ses portes \u00e0 Bochum le dernier week-end de septembre<\/p>\n<p>Apr\u00e8s trois ans de planification et huit semaines de travaux, le padelworld Bochum ouvrira ses portes le 26 septembre 2020 sur le terrain de tennis du SV Langendreer 04.<\/p>\n<p>\u201eIch f\u00fchle mich wie nach dem letzten Spiel einer Bundesligasaison mit dem VfL Bochum 1848 und wir haben in allerletzter Sekunde den Klassenerhalt gesichert&#8220;, beschreibt Marcel Maltritz seine Gef\u00fchlslage. Der ehemalige Profi-Fu\u00dfballer hat drei Jahre hart daf\u00fcr gek\u00e4mpft, dass der spanische Volkssport nun auch in Bochum gespielt werden kann.<\/p>\n<p>\u201eIm Gegensatz zu Tennis ist Padel sehr schnell und einfach zu erlernen&#8220;, erkl\u00e4rt der 41-j\u00e4hrige Gr\u00fcnder. \u201eAls ich vor vieren Jahr selbst zum ersten Mal Padel gespielt habe, war ich direkt begeistert von dieser Sportart, es hat mich nicht mehr losgelassen&#8220;.<\/p>\n<p>Le week-end d'ouverture doit permettre au plus grand nombre de visiteurs possible de vivre cette fascination par eux-m\u00eames et d'essayer le padel gratuitement.<\/p>\n<p>Le samedi 26 septembre, toutes les personnes int\u00e9ress\u00e9es sont invit\u00e9es \u00e0 manier la raquette de padel de 15 \u00e0 21 heures. \u00c0 partir du dimanche 27 septembre, les terrains en plein air pourront \u00eatre r\u00e9serv\u00e9s de mani\u00e8re r\u00e9guli\u00e8re. \"Afin de garantir le bon d\u00e9roulement de l'\u00e9v\u00e9nement, nous vous prions de vous inscrire au pr\u00e9alable par e-mail (anmeldung@padelworld-bochum.de).<\/p>\n<p>Le site <a href=\"\/fr\/savoir-padel\/raquettes-de-padel\/\">Raquettes de padel<\/a> et <a href=\"\/fr\/savoir-padel\/palettes-de-padel\/\">Balles de padel<\/a> werden unter Einhaltung der Hygieneregeln kostenlos zur Verf\u00fcgung gestellt, Sportkleidung und Sportschuhe sollten mitgebracht werden&#8220;, so Marcel Maltritz zum Ablauf. Weitere Informationen auf www.padelworld-bochum.de und auf Facebook @padelworld.Bochum<\/p>\n<p>Le padelworld Bochum propose une carte de 10 entr\u00e9es au prix de 50 euros en guise d'ouverture sp\u00e9ciale.<\/p>\n<p>Jusqu'au 31.12.2020, il sera possible de jouer 10 x 1 heure sur le terrain Am Leithenhaus \u00e0 Bochum.<\/p>","protected":false},"excerpt":{"rendered":"<p>padelworld Bochum : la plus grande installation de padel outdoor d'Allemagne ouvrira ses portes le dernier week-end de septembre \u00e0 Bochum Apr\u00e8s trois ans de planification et huit semaines de travaux, le padelworld Bochum ouvrira ses portes le 26 septembre 2020 sur le terrain de tennis du SV Langendreer 04. \"J'ai l'impression d'avoir assist\u00e9 au dernier match d'une saison de Bundesliga avec le VfL Bochum 1848 et nous avons...<\/p>","protected":false},"author":1,"featured_media":14386,"comment_status":"open","ping_status":"open","sticky":false,"template":"","format":"standard","meta":{"_acf_changed":false,"_sitemap_exclude":false,"_sitemap_priority":"","_sitemap_frequency":"","_analytify_skip_tracking":false,"footnotes":""},"categories":[1],"tags":[255,195,199,256],"sgg_keywords":[],"class_list":["post-17608","post","type-post","status-publish","format-standard","has-post-thumbnail","hentry","category-padel-news","tag-bochum","tag-padel-plaetze","tag-padel-turnier","tag-padelworld"],"acf":{"tweet":"","hinweis_an_redaktion":"","unternehmen":"","logo_unedited":""},"_links":{"self":[{"href":"https:\/\/www.padel-test.de\/fr\/wp-json\/wp\/v2\/posts\/17608","targetHints":{"allow":["GET"]}}],"collection":[{"href":"https:\/\/www.padel-test.de\/fr\/wp-json\/wp\/v2\/posts"}],"about":[{"href":"https:\/\/www.padel-test.de\/fr\/wp-json\/wp\/v2\/types\/post"}],"author":[{"embeddable":true,"href":"https:\/\/www.padel-test.de\/fr\/wp-json\/wp\/v2\/users\/1"}],"replies":[{"embeddable":true,"href":"https:\/\/www.padel-test.de\/fr\/wp-json\/wp\/v2\/comments?post=17608"}],"version-history":[{"count":0,"href":"https:\/\/www.padel-test.de\/fr\/wp-json\/wp\/v2\/posts\/17608\/revisions"}],"wp:featuredmedia":[{"embeddable":true,"href":"https:\/\/www.padel-test.de\/fr\/wp-json\/wp\/v2\/media\/14386"}],"wp:attachment":[{"href":"https:\/\/www.padel-test.de\/fr\/wp-json\/wp\/v2\/media?parent=17608"}],"wp:term":[{"taxonomy":"category","embeddable":true,"href":"https:\/\/www.padel-test.de\/fr\/wp-json\/wp\/v2\/categories?post=17608"},{"taxonomy":"post_tag","embeddable":true,"href":"https:\/\/www.padel-test.de\/fr\/wp-json\/wp\/v2\/tags?post=17608"},{"taxonomy":"sgg_keywords","embeddable":true,"href":"https:\/\/www.padel-test.de\/fr\/wp-json\/wp\/v2\/sgg_keywords?post=17608"}],"curies":[{"name":"wp","href":"https:\/\/api.w.org\/{rel}","templated":true}]}}