{"id":17443,"date":"2016-07-04T22:00:00","date_gmt":"2016-07-04T22:00:00","guid":{"rendered":"http:\/\/www.padel-test.de\/padel-nachrichten\/1-padel-tennisplatz-in-karlsruhe-wird-eroffnet\/"},"modified":"2022-10-21T14:17:38","modified_gmt":"2022-10-21T14:17:38","slug":"1-campo-da-tennis-per-padel-aperto-a-karlsruhe","status":"publish","type":"post","link":"https:\/\/www.padel-test.de\/it\/notizie-sul-padel\/1-campo-da-tennis-per-padel-aperto-a-karlsruhe\/","title":{"rendered":"Il 1\u00b0 campo da padel tennis apre a Karlsruhe"},"content":{"rendered":"<p>Domenica, il <strong>10.07.2016<\/strong> celebra il <a href=\"\/it\/padel-durlach-aue\/\">SpVgg Durlach-Aue<\/a> un grande evento: il nuovo campo da padel tennis sar\u00e0 inaugurato sul terreno dello stadio di Oberwald. Dalle 12:00 alle 16:00, i membri della Spielvereinigung e tutti i visitatori interessati potranno conoscere meglio questo sport, particolarmente diffuso in Spagna e in Sud America.<\/p>\n<p>Drei Jahre Planung waren n\u00f6tig, um diese Trendsportart nach Karlsruhe zu holen &#8211; jetzt endlich steht der neue Padel-Tennisplatz auf dem Gel\u00e4nde der Spielvereinigung. Zwischen der Tennishalle und den &#8222;normalen&#8220; Tennispl\u00e4tzen wurde der zwanzig auf zehn Meter gro\u00dfe Court errichtet.<\/p>\n<p>La particolarit\u00e0 di questo sport \u00e8 che il padel tennis si gioca normalmente sempre in doppio. Per poter presentare adeguatamente il nuovo sport di tendenza a tutti gli interessati, l'allenatore spagnolo di padel tennis Philipe Adam sar\u00e0 sul posto per rispondere a tutte le domande sul primo campo da padel tennis a Karlsruhe.<\/p>\n<p><span style=\"text-decoration: underline;\">Stampa e relazioni pubbliche<\/span><br \/>\n<span style=\"line-height: 20.8px;\">Tobias Rieger\u00a0<\/span><br \/>\n<span style=\"line-height: 1.6em;\">SpVgg Durlach-Aue 1910 e.V.\u00a0<\/span><br \/>\n<span style=\"line-height: 1.6em;\">Erlachseeweg 1\u00a0<\/span><br \/>\n<span style=\"line-height: 1.6em;\">76227 Karlsruhe-Durlach\u00a0<\/span><\/p>\n<p>0170 900 1431<br \/>\n0721 605 3416<\/p>","protected":false},"excerpt":{"rendered":"<p>Domenica 10.07.2016, il <a href=\"\/it\/padel-durlach-aue\/\">SpVgg Durlach-Aue<\/a> un grande evento: il nuovo campo da padel tennis sar\u00e0 inaugurato sul terreno dello stadio di Oberwald. Dalle 12:00 alle 16:00, i membri della Spielvereinigung e tutti i visitatori interessati potranno conoscere meglio questo sport, diffuso soprattutto in Spagna e in Sud America...<\/p>","protected":false},"author":1,"featured_media":0,"comment_status":"open","ping_status":"open","sticky":false,"template":"","format":"standard","meta":{"_acf_changed":false,"_sitemap_exclude":false,"_sitemap_priority":"","_sitemap_frequency":"","_analytify_skip_tracking":false,"footnotes":""},"categories":[1],"tags":[197,192],"sgg_keywords":[],"class_list":["post-17443","post","type-post","status-publish","format-standard","hentry","category-padel-news","tag-karlsruhe","tag-padel-platzbauer"],"acf":{"tweet":"","hinweis_an_redaktion":"","unternehmen":"","logo_unedited":""},"_links":{"self":[{"href":"https:\/\/www.padel-test.de\/it\/wp-json\/wp\/v2\/posts\/17443","targetHints":{"allow":["GET"]}}],"collection":[{"href":"https:\/\/www.padel-test.de\/it\/wp-json\/wp\/v2\/posts"}],"about":[{"href":"https:\/\/www.padel-test.de\/it\/wp-json\/wp\/v2\/types\/post"}],"author":[{"embeddable":true,"href":"https:\/\/www.padel-test.de\/it\/wp-json\/wp\/v2\/users\/1"}],"replies":[{"embeddable":true,"href":"https:\/\/www.padel-test.de\/it\/wp-json\/wp\/v2\/comments?post=17443"}],"version-history":[{"count":0,"href":"https:\/\/www.padel-test.de\/it\/wp-json\/wp\/v2\/posts\/17443\/revisions"}],"wp:attachment":[{"href":"https:\/\/www.padel-test.de\/it\/wp-json\/wp\/v2\/media?parent=17443"}],"wp:term":[{"taxonomy":"category","embeddable":true,"href":"https:\/\/www.padel-test.de\/it\/wp-json\/wp\/v2\/categories?post=17443"},{"taxonomy":"post_tag","embeddable":true,"href":"https:\/\/www.padel-test.de\/it\/wp-json\/wp\/v2\/tags?post=17443"},{"taxonomy":"sgg_keywords","embeddable":true,"href":"https:\/\/www.padel-test.de\/it\/wp-json\/wp\/v2\/sgg_keywords?post=17443"}],"curies":[{"name":"wp","href":"https:\/\/api.w.org\/{rel}","templated":true}]}}