{"id":17530,"date":"2015-10-22T22:00:00","date_gmt":"2015-10-22T22:00:00","guid":{"rendered":"http:\/\/www.padel-test.de\/padel-nachrichten\/mauricio-munoz-uber-das-chaos-vor-den-12-world-open-padel-championships-in-malaga\/"},"modified":"2022-10-21T14:17:39","modified_gmt":"2022-10-21T14:17:39","slug":"mauricio-munoz-sul-caos-in-vista-dei-12-campionati-del-mondo-open-di-padel-a-malaga","status":"publish","type":"post","link":"https:\/\/www.padel-test.de\/it\/notizie-sul-padel\/mauricio-munoz-sul-caos-in-vista-dei-12-campionati-del-mondo-open-di-padel-a-malaga\/","title":{"rendered":"Mauricio Mu\u00f1oz sul caos in vista del 12\u00b0 Campionato Mondiale Open di Padel a Malaga"},"content":{"rendered":"<p><strong>Commento da\u00a0<span style=\"line-height: 20.8px;\">Mauricio Mu\u00f1oz sull'agitazione che ha portato ai Campionati Mondiali Open di Padel a Malaga:<\/span><\/strong><\/p>\n<p><em>&#8222;Ich m\u00f6chte gerne den schwierigen Moment, den die geselligste und unterhaltendste Sportart,<span style=\"line-height: 20.8px;\">\u00a0Padel,<\/span>\u00a0appena vissuto, in parole. <\/em><\/p>\n<p><em>All'inizio, vorrei dire che \u00e8 insopportabile e terribile che la competizione pi\u00f9 importante per i giocatori internazionali, soprattutto fuori dalla Spagna, sia cancellata in questo modo. <\/em><\/p>\n<p><em>Sono convinto che la Federazione Internazionale di Padel stia facendo un lavoro impeccabile per unire il padel in tutto il mondo e per promuovere il padel a livello internazionale. Ho sentito che i giocatori di Belgio, Germania, Svizzera e Olanda (che volevano effettivamente partecipare al torneo) dicono che non capiscono come questo possa accadere e che non c'\u00e8 una spiegazione logica.<\/em><\/p>\n<p><em>Ancora una volta, la crescita dello sport viene danneggiata in modo permanente e irreparabile:<br \/>\nC'\u00e8 un lato, che dal mio punto di vista \u00e8 il pi\u00f9 importante, che i responsabili non possono essere d'accordo con i giocatori professionisti per quanto riguarda la partecipazione a questa competizione internazionale. <\/em><\/p>\n<p><em>D'altra parte, devono anche capire che un giocatore tedesco, svizzero, olandese o belga ha dovuto chiedere un congedo dal suo lavoro per poter vivere il suo grande sogno di partecipare a questa competizione, e ha anche investito denaro per potervi partecipare. <\/em><\/p>\n<p><em>Vorrei che i responsabili di questo sport, siano essi giocatori, federazioni, marchi o aziende che lo rappresentano, guardassero oltre gli interessi finanziari e che, insieme alla FIP, si potessero creare sinergie per unire il padel e rispettare la forza e la passione che tutti mettono in questo sport. <\/em><\/p>\n<p><em>Weiterhin tr\u00e4ume ich davon, dass Padel auf der ganzen Welt gespielt wird, und eines Tages sogar olympische Disziplin wird. Ich hoffe, dass diejenigen, welche f\u00fcr die Absage des Turniers verantwortlich sind, von diesem Albtraum erwachen, welchen wir heute erleben mussten, und den irreparablen Schaden dieser Entscheidung versuchen zu reparieren!&#8220;<\/em><\/p>\n<p>Tradotto dallo spagnolo dall'appassionata di padel Anita R\u00f6sler, Berlino - molte grazie dalla reazione del test di padel!!!<\/p>\n<p><u>Nell'originale (spagnolo):<\/u><\/p>\n<p><em>&#8222;Me gustaria expresar en estos momentos dificiles sobre el deporte mas social y divertido del mundo, el Padel.<\/em><\/p>\n<p><em>Per empezar a creernos en la internacionalizacion del Padel es intorable y de mal gusto che la competizione pi\u00f9 importante per molti jugadores internacionales, especialmente fuera de Espa\u00f1a, se suspenda o se cancele de estas maneras.<\/em><\/p>\n<p><em>Sono convinto che la Federazione Internazionale di Padel stia facendo un lavoro impeccabile per unire il Padel a livello mondiale, affinch\u00e9 l'internazionalizzazione sia una realt\u00e0.<\/em><\/p>\n<p><em>Escuchar a los jugadores que supuestamente iban a competir de paises como Belgica, Alemania, Suecia, Holanda, y decir que no entienden como puede suceder esto con el Padel, no encuentran explicacion logica ado este episodio, donde una vez mas se da\u00f1a de una manera irreparable el crecimiento y la internacionalizacion del Padel.<\/em><\/p>\n<p><em>C'\u00e8 una parte e credo che per me sia la pi\u00f9 importante, che i responsabili di non arrivare a un accordo con i giocatori professionisti nella partecipazione al Campionato del Mondo, devono capire che un giocatore Alemanno, Sueco, Belga, Holandes e di altri paesi, hanno tenuto que pedir dias de sus vacaciones en sus respectivos trabajos para poder estar presentes con su mayor ilusion en un Campeonato del mundo, y que todos ellos ponen dinero de su bolsillo para poder participar con la mayor ilusion, jamas imaginada en una competicion de este calibre.<\/em><\/p>\n<p><em>Solo mi piacerebbe che molti responsabili di questo sport, siano essi giocatori, federazioni, marche e imprese legate al Padel, che per favore si impegnino di pi\u00f9 nei loro interessi economici e che una volta uniti alla Federazione Internazionale di Padel, si uniscano a tutte queste sinergie per un Padel unificato, per un Padel Limpio, per un Padel con lo sviluppo corretto in tutti gli aspetti sean deportivos o federativos, e che de una vez por todas nos respetemos Unos a los otros por tanto esfuerzo y cari\u00f1o que todos en algun momento le dedicamos a este gran Deporte.<\/em><\/p>\n<p><em>Sin mas que decir, solo seguire so\u00f1ando con que el Padel llegue a jugarse en todo el Mundo y algun dia pueda ser deporte Olimpico, espero que este sue\u00f1o los responsables de la suspension de Esta competicion despierten de la pesadilla que hoy nos toca vivir y reparen el da\u00f1o irreparable de Esta decision.<\/em><\/p>\n<p><em>saludo a todos&#8220;<\/em><\/p>\n<p>Mauricio Mu\u00f1oz<\/p>","protected":false},"excerpt":{"rendered":"<p>Kommentar von Mauricio Mu\u00f1oz zu den Turbulenzen im Vorfeld des World Open Padel Chempionships in Malaga: &#8222;Ich m\u00f6chte gerne den schwierigen Moment, den die geselligste und unterhaltendste Sportart, Padel, gerade erlebt, in Worte fassen. Zu Beginn m\u00f6chte ich festhalten, dass es unertr\u00e4glich und schlimm ist&#8230;<\/p>","protected":false},"author":1,"featured_media":0,"comment_status":"open","ping_status":"open","sticky":false,"template":"","format":"standard","meta":{"_acf_changed":false,"_sitemap_exclude":false,"_sitemap_priority":"","_sitemap_frequency":"","_analytify_skip_tracking":false,"footnotes":""},"categories":[1],"tags":[],"sgg_keywords":[],"class_list":["post-17530","post","type-post","status-publish","format-standard","hentry","category-padel-news"],"acf":{"tweet":"","hinweis_an_redaktion":"","unternehmen":"","logo_unedited":""},"_links":{"self":[{"href":"https:\/\/www.padel-test.de\/it\/wp-json\/wp\/v2\/posts\/17530","targetHints":{"allow":["GET"]}}],"collection":[{"href":"https:\/\/www.padel-test.de\/it\/wp-json\/wp\/v2\/posts"}],"about":[{"href":"https:\/\/www.padel-test.de\/it\/wp-json\/wp\/v2\/types\/post"}],"author":[{"embeddable":true,"href":"https:\/\/www.padel-test.de\/it\/wp-json\/wp\/v2\/users\/1"}],"replies":[{"embeddable":true,"href":"https:\/\/www.padel-test.de\/it\/wp-json\/wp\/v2\/comments?post=17530"}],"version-history":[{"count":0,"href":"https:\/\/www.padel-test.de\/it\/wp-json\/wp\/v2\/posts\/17530\/revisions"}],"wp:attachment":[{"href":"https:\/\/www.padel-test.de\/it\/wp-json\/wp\/v2\/media?parent=17530"}],"wp:term":[{"taxonomy":"category","embeddable":true,"href":"https:\/\/www.padel-test.de\/it\/wp-json\/wp\/v2\/categories?post=17530"},{"taxonomy":"post_tag","embeddable":true,"href":"https:\/\/www.padel-test.de\/it\/wp-json\/wp\/v2\/tags?post=17530"},{"taxonomy":"sgg_keywords","embeddable":true,"href":"https:\/\/www.padel-test.de\/it\/wp-json\/wp\/v2\/sgg_keywords?post=17530"}],"curies":[{"name":"wp","href":"https:\/\/api.w.org\/{rel}","templated":true}]}}