{"id":17583,"date":"2019-06-22T17:13:51","date_gmt":"2019-06-22T17:13:51","guid":{"rendered":"http:\/\/www.padel-test.de\/padel-nachrichten\/carta-aberta-a-dpv\/"},"modified":"2022-10-21T14:17:30","modified_gmt":"2022-10-21T14:17:30","slug":"carta-aberta-a-dpv","status":"publish","type":"post","link":"https:\/\/www.padel-test.de\/it\/notizie-sul-padel\/carta-aberta-a-dpv\/","title":{"rendered":"Carta aberta a DPV - versione portoghese"},"content":{"rendered":"<p>Caro Sr. di Dahle,<\/p>\n<p>no site da Associa\u00e7\u00e3o Alem\u00e3 de Padel voc\u00ea se designa como seu presidente.<\/p>\n<p>Poich\u00e9 le e-mails non rispondono regolarmente al DPV, noi (come membri del DPV) abbiamo deciso di seguire la strada della carta aberrante.<\/p>\n<p>&nbsp;<\/p>\n<p><strong>In particolare, ci piacerebbe chiedere un parere sul seguente processo:<\/strong><\/p>\n<p>Il signor Darek Nowicki, il giocatore di padel alem\u00e3o di maggior successo fino ad oggi, \u00e8 stato ufficialmente nominato rappresentante del Padel alem\u00e3o per la EuroAmerika Padel Cup dal 4 al 6 luglio a Estoril da Willy Lahoz (Padel Profissional - Capit\u00e3o Team Europa).<\/p>\n<p>Prima di aspettare per questa lega o di parabenizzare e aiutare il corridore, avete chiamato gli organizzatori (ci sono diversi test) e avete confermato che il signor Nowicki \u00e8 stato sospeso dalla DPV in tutti gli eventi del Padel. Un passo molto antidesportivo e anche controproducente per lo sviluppo dello sport di padel alemanno.<\/p>\n<p>Al\u00e9m disso, n\u00e3o estamos cientes de uma suspens\u00e3o do jogador Darek Nowicki. A proposito, n\u00e3o \u00e9 um \u00fanico jogador Padel na Alemanha.<\/p>\n<p>&nbsp;<\/p>\n<p>Como membros do DPV, pedimos que voc\u00ea nos explique o seguinte:<\/p>\n<p><strong>1) Come voc\u00ea se sente capacitado para falar pelo DPV (como presidente)?<\/strong><\/p>\n<p>In accordo con l'ultimo registro delle associazioni del 21 giugno 2019, non sei pi\u00f9 iscritto al conselho do DPV (qui c'\u00e8 un confronto tra i dati del registro dei club della Colonia e quelli del sito del DPV).<\/p>\n<p>&nbsp;<\/p>\n<p><strong>\u00a02) Quando e come il signor Nowicki avrebbe dovuto essere sospeso dal DPV?<\/strong><\/p>\n<p>Tale proibi\u00e7\u00e3o n\u00e3o pode ser imposta arbitrariamente e teria que ser decidida em uma reuni\u00e3o geral ou pelo menos ter sido apresentada l\u00e1. A partire dal 2010, in nessuna riunione generale \u00fanica si pu\u00f2 trovare una nota corrispondente. Inoltre, il giocatore deve essere informato su questo e deve anche essere autorizzato. Isso tamb\u00e9m n\u00e3o aconteceu. A cosa si riferisce quando si parla della sospensione di un giocatore?<\/p>\n<p>&nbsp;<\/p>\n<p>Siamo ansiosi di ricevere la sua risposta in tempi brevi.<br \/>\n- TC Niddapark<br \/>\n- David Ernsting<br \/>\n- Dirk Jungels<\/p>\n<p>-&gt; Os signat\u00e1rios s\u00e3o todos membros do DPV<\/p>\n<p>&nbsp;<\/p>\n<p>Anexo: Registro de Associa\u00e7\u00e3o Atual - VR 16389 no Tribunal Distrital de Col\u00f4nia - 21 de junho de 2019<\/p>\n<div id=\"attachment_6689\" style=\"width: 605px\" class=\"wp-caption alignnone\"><img loading=\"lazy\" decoding=\"async\" aria-describedby=\"caption-attachment-6689\" class=\"wp-image-6689 size-full\" src=\"https:\/\/www.padel-test.de\/wp-content\/uploads\/2022\/09\/Deutscher-Padel-Verband-VR_16389Aktueller_Abdruck.jpg\" alt=\"Associazione tedesca di Padel VR 16389+Impronta corrente 21 giugno 2019\" width=\"595\" height=\"842\" \/><p id=\"caption-attachment-6689\" class=\"wp-caption-text\">Associazione tedesca di Padel VR 16389+Impronta corrente 21 giugno 2019<\/p><\/div>\n<p>&nbsp;<\/p>\n<p>&nbsp;<\/p>\n<p style=\"text-align: center;\"><strong>Nota dell'editore:<\/strong><\/p>\n<p style=\"text-align: center;\"><strong>A breve pubblicheremo anche un articolo dettagliato sul <em>Assemblea generale<\/em> del DPV il 19 maggio 2019 ad Amburgo.<\/strong><\/p>\n<p>&nbsp;<\/p>","protected":false},"excerpt":{"rendered":"<p>Caro Sr. von Dahle, no site da Associa\u00e7\u00e3o Alem\u00e3 de Padel voc\u00ea se designa como seu presidente.Como os e-mails n\u00e3o s\u00e3o respondidos regularmente pelo DPV, n\u00f3s (como membros do DPV) decidimos o caminho ...<\/p>","protected":false},"author":1,"featured_media":14349,"comment_status":"open","ping_status":"open","sticky":false,"template":"","format":"standard","meta":{"_acf_changed":false,"_sitemap_exclude":false,"_sitemap_priority":"","_sitemap_frequency":"","_analytify_skip_tracking":false,"footnotes":""},"categories":[1],"tags":[230],"sgg_keywords":[],"class_list":["post-17583","post","type-post","status-publish","format-standard","has-post-thumbnail","hentry","category-padel-news","tag-dpv"],"acf":{"tweet":"","hinweis_an_redaktion":"","unternehmen":"","logo_unedited":""},"_links":{"self":[{"href":"https:\/\/www.padel-test.de\/it\/wp-json\/wp\/v2\/posts\/17583","targetHints":{"allow":["GET"]}}],"collection":[{"href":"https:\/\/www.padel-test.de\/it\/wp-json\/wp\/v2\/posts"}],"about":[{"href":"https:\/\/www.padel-test.de\/it\/wp-json\/wp\/v2\/types\/post"}],"author":[{"embeddable":true,"href":"https:\/\/www.padel-test.de\/it\/wp-json\/wp\/v2\/users\/1"}],"replies":[{"embeddable":true,"href":"https:\/\/www.padel-test.de\/it\/wp-json\/wp\/v2\/comments?post=17583"}],"version-history":[{"count":0,"href":"https:\/\/www.padel-test.de\/it\/wp-json\/wp\/v2\/posts\/17583\/revisions"}],"wp:featuredmedia":[{"embeddable":true,"href":"https:\/\/www.padel-test.de\/it\/wp-json\/wp\/v2\/media\/14349"}],"wp:attachment":[{"href":"https:\/\/www.padel-test.de\/it\/wp-json\/wp\/v2\/media?parent=17583"}],"wp:term":[{"taxonomy":"category","embeddable":true,"href":"https:\/\/www.padel-test.de\/it\/wp-json\/wp\/v2\/categories?post=17583"},{"taxonomy":"post_tag","embeddable":true,"href":"https:\/\/www.padel-test.de\/it\/wp-json\/wp\/v2\/tags?post=17583"},{"taxonomy":"sgg_keywords","embeddable":true,"href":"https:\/\/www.padel-test.de\/it\/wp-json\/wp\/v2\/sgg_keywords?post=17583"}],"curies":[{"name":"wp","href":"https:\/\/api.w.org\/{rel}","templated":true}]}}