{"id":17530,"date":"2015-10-22T22:00:00","date_gmt":"2015-10-22T22:00:00","guid":{"rendered":"http:\/\/www.padel-test.de\/padel-nachrichten\/mauricio-munoz-uber-das-chaos-vor-den-12-world-open-padel-championships-in-malaga\/"},"modified":"2022-10-21T14:17:39","modified_gmt":"2022-10-21T14:17:39","slug":"mauricio-munoz-over-de-chaos-in-de-aanloop-naar-de-12-wereldkampioenschappen-open-padel-in-malaga","status":"publish","type":"post","link":"https:\/\/www.padel-test.de\/nl\/padel-nieuws\/mauricio-munoz-over-de-chaos-in-de-aanloop-naar-de-12-wereldkampioenschappen-open-padel-in-malaga\/","title":{"rendered":"Mauricio Mu\u00f1oz over de chaos in de aanloop naar de 12e Open Wereldkampioenschappen Padel in Malaga"},"content":{"rendered":"<p><strong>Commentaar van\u00a0<span style=\"line-height: 20.8px;\">Mauricio Mu\u00f1oz over het tumult in de aanloop naar de Open Wereldkampioenschappen Padel in Malaga:<\/span><\/strong><\/p>\n<p><em>&#8222;Ich m\u00f6chte gerne den schwierigen Moment, den die geselligste und unterhaltendste Sportart,<span style=\"line-height: 20.8px;\">\u00a0Padel,<\/span>\u00a0net ervaren, in woorden. <\/em><\/p>\n<p><em>Om te beginnen wil ik verklaren dat het ondraaglijk en verschrikkelijk is dat de belangrijkste wedstrijd voor internationale spelers, vooral buiten Spanje, op deze manier wordt afgelast. <\/em><\/p>\n<p><em>Ik ben ervan overtuigd dat de International Padel Federation onberispelijk werk verricht om padel wereldwijd te verenigen en padel internationaal te promoten. Ik hoor dat spelers uit Belgi\u00eb, Duitsland, Zwitserland en Nederland (die eigenlijk aan het toernooi wilden deelnemen) zeggen dat zij niet begrijpen hoe dit kan gebeuren en dat er geen logische verklaring voor is.<\/em><\/p>\n<p><em>Opnieuw wordt de groei van de sport blijvend en onherstelbaar beschadigd:<br \/>\nEr is \u00e9\u00e9n kant, die vanuit mijn standpunt het belangrijkst is, namelijk dat de verantwoordelijken het niet eens kunnen worden met de beroepsspelers over deelname aan deze internationale competitie. <\/em><\/p>\n<p><em>Aan de andere kant moeten zij ook begrijpen dat een Duitse, Zwitserse, Nederlandse of Belgische speler verlof heeft moeten aanvragen om zijn grote droom, deelnemen aan deze wedstrijd, te kunnen waarmaken, en dat zij ook geld hebben moeten investeren om te kunnen deelnemen. <\/em><\/p>\n<p><em>Ik zou willen dat degenen die verantwoordelijk zijn voor de sport, of het nu spelers, federaties, merken of bedrijven zijn die de sport vertegenwoordigen, verder zouden kijken dan de financi\u00eble belangen en dat, samen met de FIP, synergie\u00ebn zouden kunnen worden gecre\u00eberd om padel te verenigen en de kracht en passie te respecteren die iedereen in de sport steekt. <\/em><\/p>\n<p><em>Weiterhin tr\u00e4ume ich davon, dass Padel auf der ganzen Welt gespielt wird, und eines Tages sogar olympische Disziplin wird. Ich hoffe, dass diejenigen, welche f\u00fcr die Absage des Turniers verantwortlich sind, von diesem Albtraum erwachen, welchen wir heute erleben mussten, und den irreparablen Schaden dieser Entscheidung versuchen zu reparieren!&#8220;<\/em><\/p>\n<p>Vertaald uit het Spaans door padel liefhebber Anita R\u00f6sler, Berlijn - veel dank van de padel test reactie!!!<\/p>\n<p><u>In het (Spaanse) origineel:<\/u><\/p>\n<p><em>&#8222;Me gustaria expresar en estos momentos dificiles sobre el deporte mas social y divertido del mundo, el Padel.<\/em><\/p>\n<p><em>Para empezar a creernos en la internacionalizaci\u00f3n del Padel es intorable y de mal gusto que la competici\u00f3n m\u00e1s importante para muchos jugadores internacionales, especialmente fuera de Espa\u00f1a, se suspenda o se cancele de estas maneras.<\/em><\/p>\n<p><em>Estoy convencido que la Federacion Internacional de Padel Esta haciendo una labor impecable a la hora de unir el Padel mundial para que esto de la internacionalizaci\u00f3n sea una realidad.<\/em><\/p>\n<p><em>Als je de spelers die waarschijnlijk in landen als Belgi\u00eb, Duitsland, Zwitserland en Hongarije hebben gestreden, hoort zeggen dat ze niet weten hoe ze dit kunnen bereiken met de padel, dan vind je geen logische verklaring voor deze episode, waarin de ontwikkeling en de internationalisering van de padel steeds verder in het gedrang komen.<\/em><\/p>\n<p><em>Hay una parte y creo que para mi la maior importante, que los responsables de no llegar a un acuerdo con los jugadores profesionales en la participaci\u00f3n del Campeonato del Mundo, tienen que entender que un jugador Aleman, Sueco, Belga, Holandes y de otros paises, hebben de tijd moeten nemen om hun vakantie door te brengen in hun respectieve banen om aanwezig te kunnen zijn met hun grootste illusie in een Campeonato del mundo, en dat iedereen geld uit zijn zak moet betalen om te kunnen deelnemen met de grootste illusie die we ons kunnen voorstellen in een wedstrijd van dit kaliber.<\/em><\/p>\n<p><em>Solo me gustaria que muchos responsables de este deporte, ya sean jugadores, federaciones, Marcas y Empresas relacionadas al Padel, que por favor miren mas alla de sus intereses econ\u00f3micos y que de una vez junto a la Federacion Internacional de Padel, juntemos todas esas sinergias para Padel unificado, voor een padel die goed is, voor een padel die zich in alle opzichten goed ontwikkelt, zowel op sportief als op federaal gebied, en dat we allemaal, \u00e9\u00e9n voor \u00e9\u00e9n, respect hebben voor de inzet en de zorg die we allemaal en op elk moment aan dit geweldige spel besteden.<\/em><\/p>\n<p><em>Ik kan alleen maar zeggen dat ik hoop dat de padel overal ter wereld kan worden beoefend en dat het ooit nog eens een Olympische wedstrijd kan worden, maar ik hoop dat degenen die verantwoordelijk zijn voor de opschorting van deze wedstrijd, nu uit de situatie komen waarin we nu leven en de onherstelbare schade van dit besluit herstellen.<\/em><\/p>\n<p><em>saludo a todos&#8220;<\/em><\/p>\n<p>Mauricio Mu\u00f1oz<\/p>","protected":false},"excerpt":{"rendered":"<p>Mauricio Mu\u00f1oz geeft commentaar op de onrust in de aanloop naar de Wereld Open Padel Kampioenschappen in Malaga: \"Ik wil graag onder woorden brengen hoe moeilijk het moment is dat de meest gezellige en vermakelijke sport, padel, doormaakt. Om te beginnen wil ik zeggen dat het ondraaglijk en slecht is...<\/p>","protected":false},"author":1,"featured_media":0,"comment_status":"open","ping_status":"open","sticky":false,"template":"","format":"standard","meta":{"_acf_changed":false,"_sitemap_exclude":false,"_sitemap_priority":"","_sitemap_frequency":"","_analytify_skip_tracking":false,"footnotes":""},"categories":[1],"tags":[],"sgg_keywords":[],"class_list":["post-17530","post","type-post","status-publish","format-standard","hentry","category-padel-news"],"acf":{"tweet":"","hinweis_an_redaktion":"","unternehmen":"","logo_unedited":""},"_links":{"self":[{"href":"https:\/\/www.padel-test.de\/nl\/wp-json\/wp\/v2\/posts\/17530","targetHints":{"allow":["GET"]}}],"collection":[{"href":"https:\/\/www.padel-test.de\/nl\/wp-json\/wp\/v2\/posts"}],"about":[{"href":"https:\/\/www.padel-test.de\/nl\/wp-json\/wp\/v2\/types\/post"}],"author":[{"embeddable":true,"href":"https:\/\/www.padel-test.de\/nl\/wp-json\/wp\/v2\/users\/1"}],"replies":[{"embeddable":true,"href":"https:\/\/www.padel-test.de\/nl\/wp-json\/wp\/v2\/comments?post=17530"}],"version-history":[{"count":0,"href":"https:\/\/www.padel-test.de\/nl\/wp-json\/wp\/v2\/posts\/17530\/revisions"}],"wp:attachment":[{"href":"https:\/\/www.padel-test.de\/nl\/wp-json\/wp\/v2\/media?parent=17530"}],"wp:term":[{"taxonomy":"category","embeddable":true,"href":"https:\/\/www.padel-test.de\/nl\/wp-json\/wp\/v2\/categories?post=17530"},{"taxonomy":"post_tag","embeddable":true,"href":"https:\/\/www.padel-test.de\/nl\/wp-json\/wp\/v2\/tags?post=17530"},{"taxonomy":"sgg_keywords","embeddable":true,"href":"https:\/\/www.padel-test.de\/nl\/wp-json\/wp\/v2\/sgg_keywords?post=17530"}],"curies":[{"name":"wp","href":"https:\/\/api.w.org\/{rel}","templated":true}]}}