{"id":17583,"date":"2019-06-22T17:13:51","date_gmt":"2019-06-22T17:13:51","guid":{"rendered":"http:\/\/www.padel-test.de\/padel-nachrichten\/carta-aberta-a-dpv\/"},"modified":"2022-10-21T14:17:30","modified_gmt":"2022-10-21T14:17:30","slug":"winkelwagen","status":"publish","type":"post","link":"https:\/\/www.padel-test.de\/nl\/padel-nieuws\/winkelwagen\/","title":{"rendered":"Carta aberta a DPV - Portugese versie"},"content":{"rendered":"<p>Caro Sr. van Dahle,<\/p>\n<p>op de site van Associa\u00e7\u00e3o Alem\u00e3 de Padel, u aan te wijzen als uw voorzitter.<\/p>\n<p>Aangezien de e-mails van de DPV niet regelmatig worden beantwoord, hebben wij (als leden van de DPV) besloten de weg van de elektronische post te bewandelen.<\/p>\n<p>&nbsp;<\/p>\n<p><strong>We willen graag uw mening horen over het volgende proces:<\/strong><\/p>\n<p>De heer Darek Nowicki, de meest succesvolle padeljogger van Europa tot nu toe, is officieel door Willy Lahoz (Padel Profissional - Capit\u00e3o Team Europa) aangewezen als vertegenwoordiger van de Belgische padelsport voor de EuroAmerika Padel Cup van 4 tot 6 juli in Estoril.<\/p>\n<p>In plaats van te wachten op deze liga\u00e7\u00e3o of de jogador te steunen, heeft u contact opgenomen met de organisatoren (we hebben vele testunhas) en bevestigd dat de heer Nowicki door DPV is geschorst voor alle evenementen van de padelsport. Een grote stap voorwaarts en ook een contraproducent voor de ontwikkeling van de Vlaamse padelsport.<\/p>\n<p>Maar we weten ook niet of de jogador Darek Nowicki al geschorst is. Tussen haakjes, n\u00e3o \u00e9 um \u00fanico jogador Padel na Alemanha.<\/p>\n<p>&nbsp;<\/p>\n<p>Als leden van de DPV, vragen wij u om ons het volgende uit te leggen:<\/p>\n<p><strong>1) Hoe denkt u dat u in staat bent om te werken voor de DPV (als voorzitter)?<\/strong><\/p>\n<p>De acordo com o \u00faltimo registro de associa\u00e7\u00f5es de 21 de junho de 2019, voc\u00ea nem pertence ao conselho do DPV (aqui uma compara\u00e7\u00e3o dos dados do registro de clubes em Col\u00f4nia com os do site do DPV).<\/p>\n<p>&nbsp;<\/p>\n<p><strong>\u00a02) Wanneer en hoe kan de heer Nowicki worden geschorst door het DPV?<\/strong><\/p>\n<p>Tal proibi\u00e7\u00e3o n\u00e3o pode ser imposta arbitrariamente e teria que ser decidida em uma reuni\u00e3o geral ou pelo menos ter apresentada l\u00e1. Nunca reuni\u00e3o geral de nunca desde 2010 pode ser encontrada uma nota correspondente. Bovendien moet de jogador hiervan op de hoogte zijn en het ook kunnen openen. Isso tamb\u00e9m n\u00e3o aconteceu. Dus, waar refereer je naar als je de schorsing van een jogador hoort?<\/p>\n<p>&nbsp;<\/p>\n<p>We hopen op een spoedig antwoord.<br \/>\n- TC Niddapark<br \/>\n- David Ernsting<br \/>\n- Dirk Jungels<\/p>\n<p>-&gt; Os signat\u00e1rios s\u00e3o todos membros do DPV<\/p>\n<p>&nbsp;<\/p>\n<p>Anexo: Registro de Associa\u00e7\u00e3o Atual - VR 16389 no Tribunal Distrital de Col\u00f4nia - 21 de junho de 2019<\/p>\n<div id=\"attachment_6689\" style=\"width: 605px\" class=\"wp-caption alignnone\"><img loading=\"lazy\" decoding=\"async\" aria-describedby=\"caption-attachment-6689\" class=\"wp-image-6689 size-full\" src=\"https:\/\/www.padel-test.de\/wp-content\/uploads\/2022\/09\/Deutscher-Padel-Verband-VR_16389Aktueller_Abdruck.jpg\" alt=\"Duitse Padelbond VR 16389+Huidige Afdruk 21 juni 2019\" width=\"595\" height=\"842\" \/><p id=\"caption-attachment-6689\" class=\"wp-caption-text\">Duitse Padelbond VR 16389+Huidige Afdruk 21 juni 2019<\/p><\/div>\n<p>&nbsp;<\/p>\n<p>&nbsp;<\/p>\n<p style=\"text-align: center;\"><strong>Noot van de redacteur:<\/strong><\/p>\n<p style=\"text-align: center;\"><strong>Binnenkort zullen we ook een gedetailleerd artikel publiceren over de <em>Algemene Vergadering<\/em> van de DPV op 19 mei 2019 in Hamburg.<\/strong><\/p>\n<p>&nbsp;<\/p>","protected":false},"excerpt":{"rendered":"<p>Caro Sr. von Dahle, no site da Associa\u00e7\u00e3o Alem\u00e3 de Padel voc\u00ea se designa como seu presidente.Como os e-mails n\u00e3o s\u00e3o respidos regulares por parte de DPV, n\u00f3s (como membros do DPV) decidimos o caminho ...<\/p>","protected":false},"author":1,"featured_media":14349,"comment_status":"open","ping_status":"open","sticky":false,"template":"","format":"standard","meta":{"_acf_changed":false,"_sitemap_exclude":false,"_sitemap_priority":"","_sitemap_frequency":"","_analytify_skip_tracking":false,"footnotes":""},"categories":[1],"tags":[230],"sgg_keywords":[],"class_list":["post-17583","post","type-post","status-publish","format-standard","has-post-thumbnail","hentry","category-padel-news","tag-dpv"],"acf":{"tweet":"","hinweis_an_redaktion":"","unternehmen":"","logo_unedited":""},"_links":{"self":[{"href":"https:\/\/www.padel-test.de\/nl\/wp-json\/wp\/v2\/posts\/17583","targetHints":{"allow":["GET"]}}],"collection":[{"href":"https:\/\/www.padel-test.de\/nl\/wp-json\/wp\/v2\/posts"}],"about":[{"href":"https:\/\/www.padel-test.de\/nl\/wp-json\/wp\/v2\/types\/post"}],"author":[{"embeddable":true,"href":"https:\/\/www.padel-test.de\/nl\/wp-json\/wp\/v2\/users\/1"}],"replies":[{"embeddable":true,"href":"https:\/\/www.padel-test.de\/nl\/wp-json\/wp\/v2\/comments?post=17583"}],"version-history":[{"count":0,"href":"https:\/\/www.padel-test.de\/nl\/wp-json\/wp\/v2\/posts\/17583\/revisions"}],"wp:featuredmedia":[{"embeddable":true,"href":"https:\/\/www.padel-test.de\/nl\/wp-json\/wp\/v2\/media\/14349"}],"wp:attachment":[{"href":"https:\/\/www.padel-test.de\/nl\/wp-json\/wp\/v2\/media?parent=17583"}],"wp:term":[{"taxonomy":"category","embeddable":true,"href":"https:\/\/www.padel-test.de\/nl\/wp-json\/wp\/v2\/categories?post=17583"},{"taxonomy":"post_tag","embeddable":true,"href":"https:\/\/www.padel-test.de\/nl\/wp-json\/wp\/v2\/tags?post=17583"},{"taxonomy":"sgg_keywords","embeddable":true,"href":"https:\/\/www.padel-test.de\/nl\/wp-json\/wp\/v2\/sgg_keywords?post=17583"}],"curies":[{"name":"wp","href":"https:\/\/api.w.org\/{rel}","templated":true}]}}