{"id":17435,"date":"2017-06-14T22:00:00","date_gmt":"2017-06-14T22:00:00","guid":{"rendered":"http:\/\/www.padel-test.de\/padel-nachrichten\/padel-in-bremen-weyhe-auf-erfolgsspur-samuelsen-bosselmann-gewinnen-gps-turnier\/"},"modified":"2022-10-21T14:17:58","modified_gmt":"2022-10-21T14:17:58","slug":"padel-in-bremen-weyhe-on-success-track-samuelsen-bosselmann-win-gps-tournament","status":"publish","type":"post","link":"https:\/\/www.padel-test.de\/pt\/noticias-de-padel\/padel-in-bremen-weyhe-on-success-track-samuelsen-bosselmann-win-gps-tournament\/","title":{"rendered":"Padel em Bremen-Weyhe no caminho do sucesso - Samuelsen\/Bosselmann vence torneio GPS"},"content":{"rendered":"<p>No fim-de-semana, o <a href=\"\/pt\/padel-bremen-weyhe\/\">Localiza\u00e7\u00e3o Padel Bremen-Weyhe<\/a> um torneio GPS100 no qual alguns jogos e com\u00edcios espetaculares foram para ser admirados. Em particular, o \u00fanico Franz Enz argentino de 17 anos (na foto na extrema esquerda) conseguiu cativar o p\u00fablico uma e outra vez com a sua alegria de tocar e esperteza.<\/p>\n<p>No final, no entanto, foi a dupla Samuelsen\/Bosselmann (3\u00ba e 4\u00ba da direita na foto) que prevaleceu, jogando da forma mais consistente e uniforme poss\u00edvel. Para os espectadores, que passaram o dia num ambiente muito familiar com caf\u00e9, bolo e churrasco, o torneio valeu definitivamente a pena.<\/p>\n<p>E para os muitos jogadores de padel que jogaram pelos lugares tamb\u00e9m! Porque na cerim\u00f4nia de premia\u00e7\u00e3o, n\u00e3o apenas os vencedores do primeiro lugar receberam um trof\u00e9u, mas todos os participantes receberam um pequeno pr\u00eamio dos patrocinadores. <a href=\"\/pt\/padel-de-cabeca\/\">Cabe\u00e7a Padel<\/a> e <a href=\"\/pt\/padel-dunlop\/\">Padel Dunlop<\/a>!<\/p>\n<p>Mas essa n\u00e3o foi a \u00fanica boa not\u00edcia de Bremen.<\/p>\n<p>Gra\u00e7as aos entusiastas do padel Alex Schwarz, Malte Daum e muitos outros ajudantes de Bremen e Weyhe, este local de padel est\u00e1 definitivamente a crescer. J\u00e1 em Setembro, o pr\u00f3ximo torneio DPV ter\u00e1 lugar l\u00e1, depois mesmo como um torneio GPS500.<\/p>\n<p>A imprensa regional tamb\u00e9m informa regularmente sobre as actividades em Weyhe:<\/p>\n<ul>\n<li><a href=\"https:\/\/www.kreiszeitung.de\/lokales\/diepholz\/weyhe-ort54198\/freizeit-zeichen-schwert-schlaeger-8370039.html\" target=\"_blank\" rel=\"noopener noreferrer nofollow\">https:\/\/www.kreiszeitung.de\/lokales\/diepholz\/weyhe-ort54198\/freizeit-zeichen-schwert-schlaeger-8370039.html<\/a><\/li>\n<li><a href=\"https:\/\/www.weser-kurier.de\/region\/regionale-rundschau_artikel,-kampfkunst-kreativitaet-und-kinderdisco-_arid,1607369.html\" target=\"_blank\" rel=\"noopener noreferrer nofollow\">https:\/\/www.weser-kurier.de\/region\/regionale-rundschau_artikel,-kampfkunst-kreativitaet-und-kinderdisco-_arid,1607369.html<\/a><\/li>\n<\/ul>\n<p>E a pr\u00f3xima quadra de padel j\u00e1 est\u00e1 sendo planejada - j\u00e1 estamos ansiosos para a abertura da quadra!<\/p>","protected":false},"excerpt":{"rendered":"<p>No fim-de-semana, o <a href=\"\/pt\/padel-bremen-weyhe\/\">Localiza\u00e7\u00e3o Padel Bremen-Weyhe<\/a> um torneio GPS100 no qual alguns jogos e com\u00edcios espetaculares foram para ser admirados. Em particular, o \u00fanico Franz Enz argentino de 17 anos (na foto na extrema esquerda) conseguiu cativar o p\u00fablico uma e outra vez com a sua alegria de tocar e esperteza. No final, por\u00e9m, foi o par Samuelsen\/Bosselmann ...<\/p>","protected":false},"author":1,"featured_media":0,"comment_status":"open","ping_status":"open","sticky":false,"template":"","format":"standard","meta":{"_acf_changed":false,"_sitemap_exclude":false,"_sitemap_priority":"","_sitemap_frequency":"","_analytify_skip_tracking":false,"footnotes":""},"categories":[1],"tags":[196,199],"sgg_keywords":[],"class_list":["post-17435","post","type-post","status-publish","format-standard","hentry","category-padel-news","tag-bremen","tag-padel-turnier"],"acf":{"tweet":"","hinweis_an_redaktion":"","unternehmen":"","logo_unedited":""},"_links":{"self":[{"href":"https:\/\/www.padel-test.de\/pt\/wp-json\/wp\/v2\/posts\/17435","targetHints":{"allow":["GET"]}}],"collection":[{"href":"https:\/\/www.padel-test.de\/pt\/wp-json\/wp\/v2\/posts"}],"about":[{"href":"https:\/\/www.padel-test.de\/pt\/wp-json\/wp\/v2\/types\/post"}],"author":[{"embeddable":true,"href":"https:\/\/www.padel-test.de\/pt\/wp-json\/wp\/v2\/users\/1"}],"replies":[{"embeddable":true,"href":"https:\/\/www.padel-test.de\/pt\/wp-json\/wp\/v2\/comments?post=17435"}],"version-history":[{"count":0,"href":"https:\/\/www.padel-test.de\/pt\/wp-json\/wp\/v2\/posts\/17435\/revisions"}],"wp:attachment":[{"href":"https:\/\/www.padel-test.de\/pt\/wp-json\/wp\/v2\/media?parent=17435"}],"wp:term":[{"taxonomy":"category","embeddable":true,"href":"https:\/\/www.padel-test.de\/pt\/wp-json\/wp\/v2\/categories?post=17435"},{"taxonomy":"post_tag","embeddable":true,"href":"https:\/\/www.padel-test.de\/pt\/wp-json\/wp\/v2\/tags?post=17435"},{"taxonomy":"sgg_keywords","embeddable":true,"href":"https:\/\/www.padel-test.de\/pt\/wp-json\/wp\/v2\/sgg_keywords?post=17435"}],"curies":[{"name":"wp","href":"https:\/\/api.w.org\/{rel}","templated":true}]}}