{"id":17438,"date":"2015-05-25T22:00:00","date_gmt":"2015-05-25T22:00:00","guid":{"rendered":"http:\/\/www.padel-test.de\/padel-nachrichten\/bericht-vom-gps-padel-turnier-munchen\/"},"modified":"2022-10-21T14:17:41","modified_gmt":"2022-10-21T14:17:41","slug":"report-from-gps-padel-tournament-munich","status":"publish","type":"post","link":"https:\/\/www.padel-test.de\/pt\/noticias-de-padel\/report-from-gps-padel-tournament-munich\/","title":{"rendered":"Relat\u00f3rio do Torneio GPS Padel de Munique"},"content":{"rendered":"<p>Para o II Torneio de Primavera da <a href=\"\/pt\/padel-club-muenchen\/\">Padel Club Munique<\/a>\u00a0\u00e0s equipas do clube local de padel juntaram-se outros participantes de Bernau, Frankfurt, Berlim e at\u00e9 da Su\u00ed\u00e7a.<\/p>\n<p>O fim-de-semana do Pentecostes de 23-25 de Maio proporcionou um cen\u00e1rio adequado para este torneio masculino de GPS na categoria B. Depois de duros jogos da fase de grupos, duas equipas do Padel Club M\u00fcnchen e.V. acabaram por chegar \u00e0s respectivas meias-finais (Isaac San Frutos, Tom Hillebrand &amp; Javier Izcue, Thomas Birle), que foram, no entanto, derrotados pelos eventuais finalistas.<\/p>\n<p>Assim chegou ao \"showdown\" entre o campe\u00e3o alem\u00e3o Fabian Schmidt &amp; Justus Herbert e a dupla de Pablo Guerrero &amp; Jose Blanquez, da Su\u00ed\u00e7a. Os jogadores nacionais alem\u00e3es mantiveram a vantagem e venceram a final por 6:2 e 6:1.<\/p>\n<p>A equipe do Padel Club Munich gostaria de agradecer a todos os participantes e visitantes, os patrocinadores\u00a0<a href=\"\/pt\/torneios-de-padel-2\/\">Outro torneio de padel GPS ter\u00e1 lugar em Munique, nos dias 11 e 12 de Julho.<\/a> que j\u00e1 est\u00e1 a ser ansiado.<\/p>","protected":false},"excerpt":{"rendered":"<p>Para o II Torneio de Primavera da <a href=\"\/pt\/padel-club-muenchen\/\">Padel Club Munique<\/a>\u00a0\u00e0s equipas do Padel Club local juntaram-se outros participantes de Bernau, Frankfurt, Berlim e at\u00e9 da Su\u00ed\u00e7a. O fim-de-semana de Pentecostes de 23-25 de Maio proporcionou uma configura\u00e7\u00e3o adequada para este torneio masculino de GPS na categoria B. Depois de duros jogos de grupo, duas equipas do Padel Club M\u00fcnchen e.V. chegaram finalmente \u00e0s respectivas meias-finais...<\/p>","protected":false},"author":1,"featured_media":0,"comment_status":"open","ping_status":"open","sticky":false,"template":"","format":"standard","meta":{"_acf_changed":false,"_sitemap_exclude":false,"_sitemap_priority":"","_sitemap_frequency":"","_analytify_skip_tracking":false,"footnotes":""},"categories":[1],"tags":[],"sgg_keywords":[],"class_list":["post-17438","post","type-post","status-publish","format-standard","hentry","category-padel-news"],"acf":{"tweet":"","hinweis_an_redaktion":"","unternehmen":"","logo_unedited":""},"_links":{"self":[{"href":"https:\/\/www.padel-test.de\/pt\/wp-json\/wp\/v2\/posts\/17438","targetHints":{"allow":["GET"]}}],"collection":[{"href":"https:\/\/www.padel-test.de\/pt\/wp-json\/wp\/v2\/posts"}],"about":[{"href":"https:\/\/www.padel-test.de\/pt\/wp-json\/wp\/v2\/types\/post"}],"author":[{"embeddable":true,"href":"https:\/\/www.padel-test.de\/pt\/wp-json\/wp\/v2\/users\/1"}],"replies":[{"embeddable":true,"href":"https:\/\/www.padel-test.de\/pt\/wp-json\/wp\/v2\/comments?post=17438"}],"version-history":[{"count":0,"href":"https:\/\/www.padel-test.de\/pt\/wp-json\/wp\/v2\/posts\/17438\/revisions"}],"wp:attachment":[{"href":"https:\/\/www.padel-test.de\/pt\/wp-json\/wp\/v2\/media?parent=17438"}],"wp:term":[{"taxonomy":"category","embeddable":true,"href":"https:\/\/www.padel-test.de\/pt\/wp-json\/wp\/v2\/categories?post=17438"},{"taxonomy":"post_tag","embeddable":true,"href":"https:\/\/www.padel-test.de\/pt\/wp-json\/wp\/v2\/tags?post=17438"},{"taxonomy":"sgg_keywords","embeddable":true,"href":"https:\/\/www.padel-test.de\/pt\/wp-json\/wp\/v2\/sgg_keywords?post=17438"}],"curies":[{"name":"wp","href":"https:\/\/api.w.org\/{rel}","templated":true}]}}