{"id":17443,"date":"2016-07-04T22:00:00","date_gmt":"2016-07-04T22:00:00","guid":{"rendered":"http:\/\/www.padel-test.de\/padel-nachrichten\/1-padel-tennisplatz-in-karlsruhe-wird-eroffnet\/"},"modified":"2022-10-21T14:17:38","modified_gmt":"2022-10-21T14:17:38","slug":"1-campo-de-padel-abre-em-karlsruhe","status":"publish","type":"post","link":"https:\/\/www.padel-test.de\/pt\/noticias-de-padel\/1-campo-de-padel-abre-em-karlsruhe\/","title":{"rendered":"1\u00ba campo de t\u00e9nis de padel abre em Karlsruhe"},"content":{"rendered":"<p>No domingo, o <strong>10.07.2016<\/strong> comemora o <a href=\"\/pt\/padel-durlach-aue\/\">SpVgg Durlach-Aue<\/a> um grande evento: o novo campo de t\u00e9nis de padel ser\u00e1 inaugurado nos terrenos do Est\u00e1dio Oberwald. Das 12:00 \u00e0s 16:00, os membros da Spielvereinigung e todos os visitantes interessados podem aprender mais sobre o esporte, que \u00e9 particularmente difundido na Espanha e na Am\u00e9rica do Sul.<\/p>\n<p>Drei Jahre Planung waren n\u00f6tig, um diese Trendsportart nach Karlsruhe zu holen &#8211; jetzt endlich steht der neue Padel-Tennisplatz auf dem Gel\u00e4nde der Spielvereinigung. Zwischen der Tennishalle und den &#8222;normalen&#8220; Tennispl\u00e4tzen wurde der zwanzig auf zehn Meter gro\u00dfe Court errichtet.<\/p>\n<p>A caracter\u00edstica especial do esporte \u00e9 que o padel t\u00eanis \u00e9 normalmente jogado em duplas. A fim de poder apresentar adequadamente o novo esporte de tend\u00eancia a todos os interessados, o treinador espanhol de t\u00eanis de padel Philipe Adam estar\u00e1 no local para responder a todas as perguntas sobre o primeiro campo de t\u00eanis de padel em Karlsruhe.<\/p>\n<p><span style=\"text-decoration: underline;\">Imprensa e rela\u00e7\u00f5es p\u00fablicas<\/span><br \/>\n<span style=\"line-height: 20.8px;\">Tobias Rieger\u00a0<\/span><br \/>\n<span style=\"line-height: 1.6em;\">SpVgg Durlach-Aue 1910 e.V.\u00a0<\/span><br \/>\n<span style=\"line-height: 1.6em;\">Erlachseeweg 1\u00a0<\/span><br \/>\n<span style=\"line-height: 1.6em;\">76227 Karlsruhe-Durlach\u00a0<\/span><\/p>\n<p>0170 900 1431<br \/>\n0721 605 3416<\/p>","protected":false},"excerpt":{"rendered":"<p>No domingo, 10.07.2016, o <a href=\"\/pt\/padel-durlach-aue\/\">SpVgg Durlach-Aue<\/a> um grande evento: o novo campo de t\u00e9nis de padel ser\u00e1 inaugurado nos terrenos do Est\u00e1dio Oberwald. Das 12:00 \u00e0s 16:00, os membros da Spielvereinigung e todos os visitantes interessados podem aprender mais sobre o esporte, que \u00e9 especialmente difundido na Espanha e na Am\u00e9rica do Sul...<\/p>","protected":false},"author":1,"featured_media":0,"comment_status":"open","ping_status":"open","sticky":false,"template":"","format":"standard","meta":{"_acf_changed":false,"_sitemap_exclude":false,"_sitemap_priority":"","_sitemap_frequency":"","_analytify_skip_tracking":false,"footnotes":""},"categories":[1],"tags":[197,192],"sgg_keywords":[],"class_list":["post-17443","post","type-post","status-publish","format-standard","hentry","category-padel-news","tag-karlsruhe","tag-padel-platzbauer"],"acf":{"tweet":"","hinweis_an_redaktion":"","unternehmen":"","logo_unedited":""},"_links":{"self":[{"href":"https:\/\/www.padel-test.de\/pt\/wp-json\/wp\/v2\/posts\/17443","targetHints":{"allow":["GET"]}}],"collection":[{"href":"https:\/\/www.padel-test.de\/pt\/wp-json\/wp\/v2\/posts"}],"about":[{"href":"https:\/\/www.padel-test.de\/pt\/wp-json\/wp\/v2\/types\/post"}],"author":[{"embeddable":true,"href":"https:\/\/www.padel-test.de\/pt\/wp-json\/wp\/v2\/users\/1"}],"replies":[{"embeddable":true,"href":"https:\/\/www.padel-test.de\/pt\/wp-json\/wp\/v2\/comments?post=17443"}],"version-history":[{"count":0,"href":"https:\/\/www.padel-test.de\/pt\/wp-json\/wp\/v2\/posts\/17443\/revisions"}],"wp:attachment":[{"href":"https:\/\/www.padel-test.de\/pt\/wp-json\/wp\/v2\/media?parent=17443"}],"wp:term":[{"taxonomy":"category","embeddable":true,"href":"https:\/\/www.padel-test.de\/pt\/wp-json\/wp\/v2\/categories?post=17443"},{"taxonomy":"post_tag","embeddable":true,"href":"https:\/\/www.padel-test.de\/pt\/wp-json\/wp\/v2\/tags?post=17443"},{"taxonomy":"sgg_keywords","embeddable":true,"href":"https:\/\/www.padel-test.de\/pt\/wp-json\/wp\/v2\/sgg_keywords?post=17443"}],"curies":[{"name":"wp","href":"https:\/\/api.w.org\/{rel}","templated":true}]}}