{"id":17473,"date":"2017-04-01T22:00:00","date_gmt":"2017-04-01T22:00:00","guid":{"rendered":"http:\/\/www.padel-test.de\/padel-nachrichten\/eroeffnungsfeier-padel-plaetze-vorarlberg-tc-hard\/"},"modified":"2022-11-10T21:33:18","modified_gmt":"2022-11-10T21:33:18","slug":"abrindo-padel-places-vorarlberg-tc-hard","status":"publish","type":"post","link":"https:\/\/www.padel-test.de\/pt\/noticias-de-padel\/abrindo-padel-places-vorarlberg-tc-hard\/","title":{"rendered":"Cerim\u00f3nia de abertura das primeiras quadras de padel em Vorarlberg no TC Hard"},"content":{"rendered":"<p>Em 06 de Maio de 2017, a partir das 13.00 horas, as duas primeiras <a href=\"\/pt\/torneios-de-padel-2\/\">Padelcourts em Vorarlberg cerimoniosamente abertos<\/a>. Os dois melhores jogadores Christoph Krenn, top 3 na \u00c1ustria, e Mauri Andrini, o n\u00ba 1 nos desportos de remo brit\u00e2nicos, ir\u00e3o servir alguns petiscos desta nova tend\u00eancia desportiva aos espectadores interessados num jogo de exibi\u00e7\u00e3o seguido de um encontro e uma sauda\u00e7\u00e3o. \u00c0 noite, os conhecidos All Right Guys v\u00e3o garantir um bom ambiente.<\/p>\n<p>O t\u00eanis Padel \u00e9 um esporte que est\u00e1 crescendo muito, especialmente nas partes do mundo de l\u00edngua espanhola. O t\u00eanis Padel combina v\u00e1rios elementos do squash e do t\u00eanis. Foi concebido como um desporto de costas jogado em duplas, num campo de t\u00e9nis (20 metros x 10 metros), separado por uma rede em duas metades do campo e rodeado por paredes de vidro e grelha.<\/p>\n<p>\u00c9 jogado com uma raquete que tem uma superf\u00edcie el\u00e1stica, mas que, ao contr\u00e1rio do t\u00eanis, n\u00e3o precisa ser encordoada. Estas raquetes costumavam ser feitas de madeira e assemelhavam-se a uma raquete, da\u00ed o nome padel ou paddle tennis. Hoje em dia, por\u00e9m, as raquetes s\u00e3o feitas de materiais mais robustos e leves, como o carbono ou o Kevlar.<\/p>\n<p>As bolas s\u00e3o muito parecidas com uma bola de t\u00e9nis, mas t\u00eam uma press\u00e3o mais baixa no interior. O m\u00e9todo de contagem \u00e9 o mais conhecido do t\u00eanis.<\/p>\n<p>N\u00e3o h\u00e1 outros campos de padel num raio de 100 quil\u00f3metros de Hard. O tribunal mais pr\u00f3ximo \u00e9 em Zurique, seguido por Munique. Na \u00c1ustria, voc\u00ea pode contar o n\u00famero de quadras de padel em duas m\u00e3os. Com as quadras em Hard, no entanto, Vorarlberg agora tamb\u00e9m est\u00e1 no mapa do padel.<\/p>\n<p>No evento de abertura no dia 6 de Maio, al\u00e9m da exposi\u00e7\u00e3o dos dois melhores jogadores, haver\u00e1 tamb\u00e9m um torneio de t\u00e9nis colorido para crian\u00e7as, bem como um torneio ol\u00edmpico de t\u00e9nis, onde todos os interessados podem competir em tr\u00eas desportos diferentes (padel, t\u00e9nis, t\u00e9nis de mesa). Com um castelo saltitante, roda girat\u00f3ria e esta\u00e7\u00f5es de lan\u00e7amento de alvos, o Hard Tennis Club oferece mais atra\u00e7\u00f5es para as crian\u00e7as.<\/p>\n<p>Al\u00e9m disso, voc\u00ea pode ganhar pr\u00eamios atraentes com um valor total de mais de 6.000 euros na rifa Raiffeisen e na t\u00f4mbola dura TC.<\/p>\n<ul>\n<li>Mais informa\u00e7\u00f5es sobre <a href=\"\/pt\/padel-tc-hard-bregenz\/\">Padel no TC Hard<\/a><\/li>\n<li>Vis\u00e3o geral do <a href=\"\/pt\/campos-de-paddle-na-austria\/\">Quadras de Padel na \u00c1ustria<\/a><\/li>\n<\/ul>","protected":false},"excerpt":{"rendered":"<p>No dia 6 de Maio de 2017, os dois primeiros campos de padel em Vorarlberg ser\u00e3o inaugurados cerimoniosamente no Harder Tennis Club a partir das 13 horas.<\/a>. Os dois melhores jogadores Christoph Krenn, top 3 na \u00c1ustria, e Mauri Andrini, o n\u00ba 1 nos desportos de remo brit\u00e2nicos, v\u00e3o servir aos espectadores interessados alguns petiscos deste novo desporto de tend\u00eancia num jogo de exibi\u00e7\u00e3o seguido de um encontro e uma sauda\u00e7\u00e3o...<\/p>","protected":false},"author":1,"featured_media":0,"comment_status":"closed","ping_status":"closed","sticky":false,"template":"","format":"standard","meta":{"_acf_changed":false,"_sitemap_exclude":false,"_sitemap_priority":"","_sitemap_frequency":"","_analytify_skip_tracking":false,"footnotes":""},"categories":[1],"tags":[200,192],"sgg_keywords":[],"class_list":["post-17473","post","type-post","status-publish","format-standard","hentry","category-padel-news","tag-bregenz","tag-padel-platzbauer"],"acf":{"tweet":"","hinweis_an_redaktion":"","unternehmen":"","logo_unedited":""},"_links":{"self":[{"href":"https:\/\/www.padel-test.de\/pt\/wp-json\/wp\/v2\/posts\/17473","targetHints":{"allow":["GET"]}}],"collection":[{"href":"https:\/\/www.padel-test.de\/pt\/wp-json\/wp\/v2\/posts"}],"about":[{"href":"https:\/\/www.padel-test.de\/pt\/wp-json\/wp\/v2\/types\/post"}],"author":[{"embeddable":true,"href":"https:\/\/www.padel-test.de\/pt\/wp-json\/wp\/v2\/users\/1"}],"replies":[{"embeddable":true,"href":"https:\/\/www.padel-test.de\/pt\/wp-json\/wp\/v2\/comments?post=17473"}],"version-history":[{"count":0,"href":"https:\/\/www.padel-test.de\/pt\/wp-json\/wp\/v2\/posts\/17473\/revisions"}],"wp:attachment":[{"href":"https:\/\/www.padel-test.de\/pt\/wp-json\/wp\/v2\/media?parent=17473"}],"wp:term":[{"taxonomy":"category","embeddable":true,"href":"https:\/\/www.padel-test.de\/pt\/wp-json\/wp\/v2\/categories?post=17473"},{"taxonomy":"post_tag","embeddable":true,"href":"https:\/\/www.padel-test.de\/pt\/wp-json\/wp\/v2\/tags?post=17473"},{"taxonomy":"sgg_keywords","embeddable":true,"href":"https:\/\/www.padel-test.de\/pt\/wp-json\/wp\/v2\/sgg_keywords?post=17473"}],"curies":[{"name":"wp","href":"https:\/\/api.w.org\/{rel}","templated":true}]}}