{"id":17476,"date":"2017-03-25T23:00:00","date_gmt":"2017-03-25T23:00:00","guid":{"rendered":"http:\/\/www.padel-test.de\/padel-nachrichten\/einladung-padel-veterans-teams-championships-2017\/"},"modified":"2022-10-21T14:17:56","modified_gmt":"2022-10-21T14:17:56","slug":"convite-padel-veterano-veterano-campeonatos-2017","status":"publish","type":"post","link":"https:\/\/www.padel-test.de\/pt\/noticias-de-padel\/convite-padel-veterano-veterano-campeonatos-2017\/","title":{"rendered":"Convite: Campeonatos de Equipas de Veteranos Padel 2017"},"content":{"rendered":"<p>Com isto, convidamos com prazer a vossa estimada Federa\u00e7\u00e3o a participar neste evento. Pela primeira vez haver\u00e1 um Campeonato da Selec\u00e7\u00e3o Nacional de Veteranos (masculinos) a decorrer na Europa Ocidental. O evento \u00e9 organizado pela Federa\u00e7\u00e3o Holandesa de Padel, em coopera\u00e7\u00e3o com a Padel Belgium, Padel Vlaanderen e a Federa\u00e7\u00e3o Internacional de Padel. O anfitri\u00e3o ser\u00e1 Padel4U2 em Gent, B\u00e9lgica.<\/p>\n<p>O Friendly International Veterans National Teams Championships 2017 ser\u00e1 um torneio convidativo que incluir\u00e1 at\u00e9 8 pa\u00edses participantes. Cada equipa \u00e9 composta por um m\u00ednimo de 6 jogadores e um m\u00e1ximo de 8 jogadores por categoria de idade. Cada categoria da sele\u00e7\u00e3o nacional competindo independentemente:<\/p>\n<p>45+ 50+ 55+<\/p>\n<p>O objetivo deste torneio n\u00e3o \u00e9 apenas competir por um campeonato, mas tamb\u00e9m a promo\u00e7\u00e3o do padel. Divertir-se, construir o esp\u00edrito de equipa e fazer novos contactos internacionais que partilham a paix\u00e3o pelo padel est\u00e3o tamb\u00e9m no centro deste evento.<\/p>\n<p>Padel \u00e9 um dos esportes de raquete de crescimento mais r\u00e1pido em todo o mundo. Os veteranos s\u00e3o um importante grupo alvo do esporte. Todos os pa\u00edses participantes podem certamente lucrar com a promo\u00e7\u00e3o e o valor informativo deste evento.<\/p>\n<p><strong>Data:<\/strong> 2-5 de junho de 2007<\/p>\n<p><strong>Localiza\u00e7\u00e3o:\u00a0<\/strong><a href=\"\/pt\/padel-4u2-gent\/\">Padel 4U2 Gent<\/a>, Emanuel Hielstraat 108, 9050 Gentbrugge, B\u00e9lgica<\/p>\n<p><strong>Procedimento e regras:<\/strong><\/p>\n<p>As federa\u00e7\u00f5es podem inscrever uma equipa nacional em uma, duas ou todas as categorias et\u00e1rias<\/p>\n<p>Nacional compreende um m\u00ednimo de 6 e um m\u00e1ximo de 8 jogadores nacionais por categoria de idade<\/p>\n<p>Cada faixa et\u00e1ria joga em um grupo de 3 ou 4 pa\u00edses<\/p>\n<p>N\u00famero 1 de cada grupo joga para o campeonato<\/p>\n<p>Os n\u00fameros 2, 3 e 4 tamb\u00e9m est\u00e3o a jogar uns contra os outros para posi\u00e7\u00f5es inferiores.<\/p>\n<p>No caso de grupos menores, haver\u00e1 finais cruzadas.<\/p>\n<p>Uma partida por pa\u00eds \u00e9 disputada em 3 partidas (terceiro set tiebreak). Cada jogador s\u00f3 pode jogar 1 partida por<\/p>\n<p>partida pelo campo.<\/p>\n<p><strong>Programa:<\/strong><\/p>\n<ul>\n<li>\u00a0Sexta-feira 2 de Junho: 19.00 boas-vindas<\/li>\n<li>\u00a0S\u00e1bado 3 de junho: 09.30 pa\u00eds de partida - partidas 20.30 jantar de in\u00edcio<\/li>\n<li>\u00a0domingo 4 de Junho: 09.30 pa\u00eds de partida - partidas 20.30 in\u00edcio do jantar<\/li>\n<li>\u00a0Segunda-feira 5 de Junho: 09.30 final - 13.00 final - 16.30 final Segunda-feira 5 de Junho:<\/li>\n<\/ul>\n<p><strong>Custo da inscri\u00e7\u00e3o:<\/strong><\/p>\n<p>Existem muito boas possibilidades para a alimenta\u00e7\u00e3o e o catering (opcional). Todos os dias, todas as equipas se re\u00fanem para jantar em rede, partilhar hist\u00f3rias nacionais e construir o esp\u00edrito do padel. Para mais informa\u00e7\u00f5es ou para reservar o seu catering contacte PADEL4U: info@padel4u2.be<\/p>\n<p><strong>Importante<\/strong>:<\/p>\n<ul>\n<li>\u00a0Inscreva-se antes de 1 de Maio de 2017<\/li>\n<li>\u00a0M\u00e1ximo de 8 pa\u00edses (inc. organizador Holanda e pa\u00eds anfitri\u00e3o B\u00e9lgica), primeiro inscrito primeiro servido<\/li>\n<\/ul>\n<p><strong>Inscri\u00e7\u00e3o e mais informa\u00e7\u00f5es:<\/strong><\/p>\n<ul>\n<li>\u00a0Pyotr van Dalfsen<\/li>\n<li>\u00a0Coordenador Veteranos, Federa\u00e7\u00e3o Holandesa de Padel<\/li>\n<li>\u00a0Veteranen@padelbond.nl<\/li>\n<li>\u00a0Tel\/WhatsApp +31 (0) 6 53 248 260<\/li>\n<li>Nederlandse Padelbond De Ruyterlaan 14 3941 WR Doorn www.padelbond.nl<\/li>\n<li>495 euros, por equipa\/idade do pa\u00eds categoria. A taxa inclui bolas e uso de quadras<\/li>\n<\/ul>","protected":false},"excerpt":{"rendered":"<p>Com isto, convidamos com prazer a vossa estimada Federa\u00e7\u00e3o a participar neste evento. Pela primeira vez haver\u00e1 um Campeonato da Selec\u00e7\u00e3o Nacional de Veteranos (masculinos) a decorrer na Europa Ocidental. O evento \u00e9 organizado pela Federa\u00e7\u00e3o Holandesa de Padel, em coopera\u00e7\u00e3o com a Padel Belgium, Padel Vlaanderen e a Federa\u00e7\u00e3o Internacional de Padel. O anfitri\u00e3o ser\u00e1 Padel4U2 em Ghent, B\u00e9lgica....<\/p>","protected":false},"author":1,"featured_media":0,"comment_status":"open","ping_status":"open","sticky":false,"template":"","format":"standard","meta":{"_acf_changed":false,"_sitemap_exclude":false,"_sitemap_priority":"","_sitemap_frequency":"","_analytify_skip_tracking":false,"footnotes":""},"categories":[1],"tags":[],"sgg_keywords":[],"class_list":["post-17476","post","type-post","status-publish","format-standard","hentry","category-padel-news"],"acf":{"tweet":"","hinweis_an_redaktion":"","unternehmen":"","logo_unedited":""},"_links":{"self":[{"href":"https:\/\/www.padel-test.de\/pt\/wp-json\/wp\/v2\/posts\/17476","targetHints":{"allow":["GET"]}}],"collection":[{"href":"https:\/\/www.padel-test.de\/pt\/wp-json\/wp\/v2\/posts"}],"about":[{"href":"https:\/\/www.padel-test.de\/pt\/wp-json\/wp\/v2\/types\/post"}],"author":[{"embeddable":true,"href":"https:\/\/www.padel-test.de\/pt\/wp-json\/wp\/v2\/users\/1"}],"replies":[{"embeddable":true,"href":"https:\/\/www.padel-test.de\/pt\/wp-json\/wp\/v2\/comments?post=17476"}],"version-history":[{"count":0,"href":"https:\/\/www.padel-test.de\/pt\/wp-json\/wp\/v2\/posts\/17476\/revisions"}],"wp:attachment":[{"href":"https:\/\/www.padel-test.de\/pt\/wp-json\/wp\/v2\/media?parent=17476"}],"wp:term":[{"taxonomy":"category","embeddable":true,"href":"https:\/\/www.padel-test.de\/pt\/wp-json\/wp\/v2\/categories?post=17476"},{"taxonomy":"post_tag","embeddable":true,"href":"https:\/\/www.padel-test.de\/pt\/wp-json\/wp\/v2\/tags?post=17476"},{"taxonomy":"sgg_keywords","embeddable":true,"href":"https:\/\/www.padel-test.de\/pt\/wp-json\/wp\/v2\/sgg_keywords?post=17476"}],"curies":[{"name":"wp","href":"https:\/\/api.w.org\/{rel}","templated":true}]}}