{"id":17482,"date":"2015-03-10T23:00:00","date_gmt":"2015-03-10T23:00:00","guid":{"rendered":"http:\/\/www.padel-test.de\/padel-nachrichten\/deutscher-padel-verband-veroffentlicht-termine-fur-gps-turnierserie-2015\/"},"modified":"2022-10-21T14:17:49","modified_gmt":"2022-10-21T14:17:49","slug":"alemao-padel-associacao-publicacoes-datas-para-o-torneio-gps-serie-2015","status":"publish","type":"post","link":"https:\/\/www.padel-test.de\/pt\/noticias-de-padel\/alemao-padel-associacao-publicacoes-datas-para-o-torneio-gps-serie-2015\/","title":{"rendered":"Associa\u00e7\u00e3o Alem\u00e3 de Padel publica as datas para a s\u00e9rie de torneios GPS 2015"},"content":{"rendered":"<p>Com um novo quadro ao leme, a Associa\u00e7\u00e3o Alem\u00e3 de Padel publicou hoje as primeiras datas oficiais da S\u00e9rie Alem\u00e3 de Padel (GPS) 2015, a s\u00e9rie de torneios para o Padel Rankings alem\u00e3o. Entre eles est\u00e3o tamb\u00e9m torneios com ranking para a <a href=\"\/pt\/federacao-mundial-de-padel\/\">Ranking Mundial do FIP<\/a>. De acordo com a <a href=\"\/pt\/padel-verband-deutschland\/\">DPV<\/a> mais detalhes sobre os torneios e o GPS ser\u00e3o comunicados prontamente e o Padel-Test tamb\u00e9m informar\u00e1 sobre estes destaques do Padel na Alemanha.<\/p>\n<p><strong>Estas datas fixas de GPS j\u00e1 devem estar marcadas em negrito no calend\u00e1rio do padel:<\/strong><\/p>\n<ul>\n<li><strong><a href=\"\/pt\/padel-tv-espelkamp\/\">Espelkamp TV<\/a>: 18.4. &#8211; 19.4.2015<\/strong><\/li>\n<li><strong><a href=\"\/pt\/padel-court4-baden-baden\/\">Tribunal4\u00a0<\/a><span style=\"line-height: 1.6em;\">Baden-Baden: 1 - 3.5.2015<\/span><\/strong><\/li>\n<li><strong><span style=\"line-height: 1.6em;\"><a href=\"\/pt\/padel-frankfurt-niddapark\/\">Padel Frankfurt<\/a>:\u00a016.5. &#8211; 17.5.2015<\/span><\/strong><\/li>\n<li><strong><a style=\"line-height: 20.7999992370605px;\" href=\"\/pt\/padelwelt-muenchen\/\">Mundo Padel Munique<\/a><span style=\"line-height: 1.6em;\"> Torneio 1: 23.5. - 24.5.2015<\/span><\/strong><\/li>\n<li><strong><a href=\"\/pt\/padel-berlin-friedrichshain\/\">Padel Berlin Friedrichshain<\/a>:<span style=\"line-height: 1.6em;\">\u00a013.6. &#8211; 14.6.2015<\/span><\/strong><\/li>\n<li><strong><span style=\"line-height: 1.6em;\"><a href=\"\/pt\/padelwelt-muenchen\/\">Mundo Padel Munique<\/a> Torneio 2: 11.7. - 12.7.2015<\/span><\/strong><\/li>\n<li><strong><a style=\"line-height: 20.7999992370605px;\" href=\"\/pt\/padel-colonia\/\">Padel Colonia<\/a>:<span style=\"line-height: 1.6em;\"> 1: 18.7. - 19.7. 2015 (FIP)<\/span><\/strong><\/li>\n<li><strong><span style=\"line-height: 1.6em;\"><a href=\"\/pt\/padel-club-berlin-internacional\/\">Padel Club Berlin International<\/a> Torneio 2: 29.8. - 30.8. (FIP)<\/span><\/strong><\/li>\n<li><strong><span style=\"line-height: 1.6em;\"><a href=\"\/pt\/padel-colonia\/\">Padel Colonia<\/a> Torneio 2: 12.9. -13.9.2015<\/span><\/strong><\/li>\n<\/ul>\n<p><span style=\"line-height: 1.6em;\">As datas mencionadas s\u00e3o planejadas como uma s\u00e9rie de torneios masculinos. No entanto, em 2015 ser\u00e1 tamb\u00e9m realizada pela primeira vez uma classifica\u00e7\u00e3o nacional mista. Datas e informa\u00e7\u00f5es seguir\u00e3o. S\u00f3 podemos esperar que haja mais manifesta\u00e7\u00f5es de interesse para as competi\u00e7\u00f5es femininas. A equipa da Padel Association j\u00e1 est\u00e1, portanto, a oferecer o seu apoio na procura de jogadoras de padel:\u00a0<\/span><span style=\"line-height: 1.6em;\">koelling@dpv-padel.de.<\/span><\/p>\n<p><a href=\"\/pt\/locais-de-padel-na-alemanha\/\">Localiza\u00e7\u00f5es do padel alem\u00e3o num relance<\/a><\/p>","protected":false},"excerpt":{"rendered":"<p>Com um novo quadro ao leme, a Associa\u00e7\u00e3o Alem\u00e3 de Padel publicou hoje as primeiras datas oficiais da S\u00e9rie Alem\u00e3 de Padel (GPS) 2015, a s\u00e9rie de torneios para o Padel Rankings alem\u00e3o. Entre eles est\u00e3o tamb\u00e9m torneios com ranking para a <a href=\"\/pt\/federacao-mundial-de-padel\/\">Ranking Mundial do FIP<\/a>. De acordo com a <a href=\"\/pt\/padel-verband-deutschland\/\">DPV<\/a> mais detalhes sobre os torneios ser\u00e3o...<\/p>","protected":false},"author":1,"featured_media":0,"comment_status":"open","ping_status":"open","sticky":false,"template":"","format":"standard","meta":{"_acf_changed":false,"_sitemap_exclude":false,"_sitemap_priority":"","_sitemap_frequency":"","_analytify_skip_tracking":false,"footnotes":""},"categories":[1],"tags":[],"sgg_keywords":[],"class_list":["post-17482","post","type-post","status-publish","format-standard","hentry","category-padel-news"],"acf":{"tweet":"","hinweis_an_redaktion":"","unternehmen":"","logo_unedited":""},"_links":{"self":[{"href":"https:\/\/www.padel-test.de\/pt\/wp-json\/wp\/v2\/posts\/17482","targetHints":{"allow":["GET"]}}],"collection":[{"href":"https:\/\/www.padel-test.de\/pt\/wp-json\/wp\/v2\/posts"}],"about":[{"href":"https:\/\/www.padel-test.de\/pt\/wp-json\/wp\/v2\/types\/post"}],"author":[{"embeddable":true,"href":"https:\/\/www.padel-test.de\/pt\/wp-json\/wp\/v2\/users\/1"}],"replies":[{"embeddable":true,"href":"https:\/\/www.padel-test.de\/pt\/wp-json\/wp\/v2\/comments?post=17482"}],"version-history":[{"count":0,"href":"https:\/\/www.padel-test.de\/pt\/wp-json\/wp\/v2\/posts\/17482\/revisions"}],"wp:attachment":[{"href":"https:\/\/www.padel-test.de\/pt\/wp-json\/wp\/v2\/media?parent=17482"}],"wp:term":[{"taxonomy":"category","embeddable":true,"href":"https:\/\/www.padel-test.de\/pt\/wp-json\/wp\/v2\/categories?post=17482"},{"taxonomy":"post_tag","embeddable":true,"href":"https:\/\/www.padel-test.de\/pt\/wp-json\/wp\/v2\/tags?post=17482"},{"taxonomy":"sgg_keywords","embeddable":true,"href":"https:\/\/www.padel-test.de\/pt\/wp-json\/wp\/v2\/sgg_keywords?post=17482"}],"curies":[{"name":"wp","href":"https:\/\/api.w.org\/{rel}","templated":true}]}}