{"id":17530,"date":"2015-10-22T22:00:00","date_gmt":"2015-10-22T22:00:00","guid":{"rendered":"http:\/\/www.padel-test.de\/padel-nachrichten\/mauricio-munoz-uber-das-chaos-vor-den-12-world-open-padel-championships-in-malaga\/"},"modified":"2022-10-21T14:17:39","modified_gmt":"2022-10-21T14:17:39","slug":"mauricio-munoz-about-os-chaos-antes-do-12-mundo-aberto-padel-campeonatos-em-malaga","status":"publish","type":"post","link":"https:\/\/www.padel-test.de\/pt\/noticias-de-padel\/mauricio-munoz-about-os-chaos-antes-do-12-mundo-aberto-padel-campeonatos-em-malaga\/","title":{"rendered":"Mauricio Mu\u00f1oz sobre o caos antes do 12\u00ba Campeonato Mundial Aberto de Padel em M\u00e1laga"},"content":{"rendered":"<p><strong>Coment\u00e1rio de\u00a0<span style=\"line-height: 20.8px;\">Mauricio Mu\u00f1oz no tumulto que levou ao Campeonato Mundial de Padel Aberto em M\u00e1laga:<\/span><\/strong><\/p>\n<p><em>&#8222;Ich m\u00f6chte gerne den schwierigen Moment, den die geselligste und unterhaltendste Sportart,<span style=\"line-height: 20.8px;\">\u00a0Padel,<\/span>\u00a0apenas experimentado, em palavras. <\/em><\/p>\n<p><em>No in\u00edcio, gostaria de dizer que \u00e9 insuport\u00e1vel e terr\u00edvel que a competi\u00e7\u00e3o mais importante para jogadores internacionais, especialmente fora da Espanha, seja cancelada desta forma. <\/em><\/p>\n<p><em>Estou convencido que a Federa\u00e7\u00e3o Internacional de Padel est\u00e1 fazendo um trabalho impec\u00e1vel para unir o Padel em todo o mundo e promover o Padel internacionalmente. Ouvi dizer que jogadores da B\u00e9lgica, Alemanha, Su\u00ed\u00e7a e Holanda (que realmente queriam participar do torneio) dizem que n\u00e3o entendem como isso pode acontecer e que n\u00e3o h\u00e1 uma explica\u00e7\u00e3o l\u00f3gica.<\/em><\/p>\n<p><em>Mais uma vez, o crescimento do esporte est\u00e1 sendo permanente e irremediavelmente danificado:<br \/>\nH\u00e1 um lado, que do meu ponto de vista \u00e9 o mais importante, que os respons\u00e1veis n\u00e3o podem concordar com os jogadores profissionais no que diz respeito \u00e0 participa\u00e7\u00e3o nesta competi\u00e7\u00e3o internacional. <\/em><\/p>\n<p><em>Por outro lado, eles tamb\u00e9m t\u00eam que entender que um jogador alem\u00e3o, su\u00ed\u00e7o, holand\u00eas ou belga teve que se candidatar a uma licen\u00e7a do seu emprego para poder viver o seu grande sonho de participar nesta competi\u00e7\u00e3o, e tamb\u00e9m investir dinheiro para poder participar. <\/em><\/p>\n<p><em>Desejo que os respons\u00e1veis pelo esporte, sejam jogadores, federa\u00e7\u00f5es, marcas ou empresas representantes do esporte, olhem al\u00e9m dos interesses financeiros e que, junto com a FIP, sejam criadas sinergias para unir o padel e respeitar a for\u00e7a e a paix\u00e3o que todos colocam no esporte. <\/em><\/p>\n<p><em>Weiterhin tr\u00e4ume ich davon, dass Padel auf der ganzen Welt gespielt wird, und eines Tages sogar olympische Disziplin wird. Ich hoffe, dass diejenigen, welche f\u00fcr die Absage des Turniers verantwortlich sind, von diesem Albtraum erwachen, welchen wir heute erleben mussten, und den irreparablen Schaden dieser Entscheidung versuchen zu reparieren!&#8220;<\/em><\/p>\n<p>Traduzido do espanhol pela entusiasta do padel Anita R\u00f6sler, Berlim - muito obrigado pela reac\u00e7\u00e3o ao teste do padel!!<\/p>\n<p><u>No original (espanhol):<\/u><\/p>\n<p><em>&#8222;Me gustaria expresar en estos momentos dificiles sobre el deporte mas social y divertido del mundo, el Padel.<\/em><\/p>\n<p><em>Para empezar a creernos en la internacionalizacion del Padel es intorable y de mal gusto que la competicion mas importante para muchos jugadores internacionales, especialmente fuera de Espa\u00f1a, se suspeita o se cancele de estas maneras.<\/em><\/p>\n<p><em>Estoy convencido que la Federacion Internacional de Padel Esta haciendo una labor impecable a la hora de unir el Padel mundial para que esto de la internacionalizacion sea una realidad.<\/em><\/p>\n<p><em>Escuchar a los jugadores que supostamente iban a competir de paises como Belgica, Alemania, Suecia, Holanda, y decir que no entienden como puede suceder esto con el Padel, no encuentran explicacion logica a todo este episodio, donde una vez mas se da\u00f1a de una manera irreparable el crecimiento y la internacionalizacion del Padel.<\/em><\/p>\n<p><em>Hay una parte y creo que para mi mas importante, que los responsables de no llegar a un acuerdo con los jugadores profesionales en la participaci\u00f3n del Campeonato del Mundo, tienenen que entender que un jugador Aleman, Sueco, Belga, Holandes y de otros paises, han tenido que pedir dias de sus vacaciones en sus respectivos trabajos para poder estar presente con su mayor ilusion en un Campeonato del mundo, y que todos ellos ponen dinero de su bolsillo para poder participar con la mayor ilusion, jamas imaginada en una competici\u00f3n de este calibre.<\/em><\/p>\n<p><em>Solo me gustaria que muchos responsables de este deporte, ya sean jugadores, federaciones, Marcas y Empresas relacionadas al Padel, que por favor miren mas alla de sus intereses economicos y que de una vez junto a la Federaci\u00f3n Internacional de Padel, juntemos todas esas sinergias para un Padel unificado, para un Padel Limpio, para un Padel con el desarrollo correcto en todos los aspectos sean deportivos o federativos, y que de una vez por todas nos respetemos Unos a los otros por tanto esfuerzo y cari\u00f1o que todos en algun momento le dedicamos a este gran Deporte.<\/em><\/p>\n<p><em>Pecado mas que decir, solo segue so\u00f1ando con que el Padel llegue a jugarse en todo el Mundo y algun dia pueda ser deporte Olimpico, espero que este sue\u00f1o los responsables de la suspension de Esta competici\u00f3n despierten de la pesadilla que hoy nos toca vivir y reparen el da\u00f1o irreparable de Esta decisi\u00f3n.<\/em><\/p>\n<p><em>saludo a todos&#8220;<\/em><\/p>\n<p>Mauricio Mu\u00f1oz<\/p>","protected":false},"excerpt":{"rendered":"<p>Mauricio Mu\u00f1oz comenta a turbul\u00eancia que se viveu no per\u00edodo que antecedeu o Open Mundial de Padel em M\u00e1laga: \"Gostaria de expressar em palavras o momento dif\u00edcil que o desporto mais soci\u00e1vel e divertido, o padel, est\u00e1 a atravessar. Para come\u00e7ar, gostaria de dizer que \u00e9 insuport\u00e1vel e mau...<\/p>","protected":false},"author":1,"featured_media":0,"comment_status":"open","ping_status":"open","sticky":false,"template":"","format":"standard","meta":{"_acf_changed":false,"_sitemap_exclude":false,"_sitemap_priority":"","_sitemap_frequency":"","_analytify_skip_tracking":false,"footnotes":""},"categories":[1],"tags":[],"sgg_keywords":[],"class_list":["post-17530","post","type-post","status-publish","format-standard","hentry","category-padel-news"],"acf":{"tweet":"","hinweis_an_redaktion":"","unternehmen":"","logo_unedited":""},"_links":{"self":[{"href":"https:\/\/www.padel-test.de\/pt\/wp-json\/wp\/v2\/posts\/17530","targetHints":{"allow":["GET"]}}],"collection":[{"href":"https:\/\/www.padel-test.de\/pt\/wp-json\/wp\/v2\/posts"}],"about":[{"href":"https:\/\/www.padel-test.de\/pt\/wp-json\/wp\/v2\/types\/post"}],"author":[{"embeddable":true,"href":"https:\/\/www.padel-test.de\/pt\/wp-json\/wp\/v2\/users\/1"}],"replies":[{"embeddable":true,"href":"https:\/\/www.padel-test.de\/pt\/wp-json\/wp\/v2\/comments?post=17530"}],"version-history":[{"count":0,"href":"https:\/\/www.padel-test.de\/pt\/wp-json\/wp\/v2\/posts\/17530\/revisions"}],"wp:attachment":[{"href":"https:\/\/www.padel-test.de\/pt\/wp-json\/wp\/v2\/media?parent=17530"}],"wp:term":[{"taxonomy":"category","embeddable":true,"href":"https:\/\/www.padel-test.de\/pt\/wp-json\/wp\/v2\/categories?post=17530"},{"taxonomy":"post_tag","embeddable":true,"href":"https:\/\/www.padel-test.de\/pt\/wp-json\/wp\/v2\/tags?post=17530"},{"taxonomy":"sgg_keywords","embeddable":true,"href":"https:\/\/www.padel-test.de\/pt\/wp-json\/wp\/v2\/sgg_keywords?post=17530"}],"curies":[{"name":"wp","href":"https:\/\/api.w.org\/{rel}","templated":true}]}}