{"id":17534,"date":"2016-04-23T22:00:00","date_gmt":"2016-04-23T22:00:00","guid":{"rendered":"http:\/\/www.padel-test.de\/padel-nachrichten\/erster-padel-court-in-karlsruhe\/"},"modified":"2022-10-21T14:17:44","modified_gmt":"2022-10-21T14:17:44","slug":"first-padel-court-in-karlsruhe","status":"publish","type":"post","link":"https:\/\/www.padel-test.de\/pt\/noticias-de-padel\/first-padel-court-in-karlsruhe\/","title":{"rendered":"Primeiro Tribunal de Padel em Karlsruhe"},"content":{"rendered":"<p>O primeiro campo de t\u00e9nis de padel em Karlsruhe est\u00e1 a ser constru\u00eddo nos terrenos da SpVgg Durlach-Aue. \u00c9 suposto come\u00e7ar em meados de Maio. Estamos mantendo nossos dedos cruzados para que tudo corra bem e continuaremos a relatar e tamb\u00e9m a compilar informa\u00e7\u00f5es sobre hor\u00e1rios de abertura, op\u00e7\u00f5es de reserva, etc. no Padel-Test!<\/p>\n<p>Aqui voc\u00ea pode encontrar um mapa e o caminho para as quadras de padel no\u00a0<span style=\"line-height: 1.6em;\">Departamento de t\u00e9nis da Spielvereinigung 1910 Durlach-Aue e.V. em Erlachseeweg 1 (Gewann Langenheck\/ Oberwaldstadion) em 76227 Karlsruhe:<\/span><\/p>\n<ul>\n<li>Sa\u00edda da auto-estrada KA-Mitte (#45) em direc\u00e7\u00e3o a Wolfartsweier no S\u00fcdtangente (K9652).<\/li>\n<li><span style=\"line-height: 1.6em;\">Vire \u00e0 direita no segundo sem\u00e1foro (Erlachseeweg) em direc\u00e7\u00e3o a Oberwaldstadion.\u00a0<\/span><\/li>\n<li><span style=\"line-height: 1.6em;\">Seguindo o curso da estrada, voc\u00ea vir\u00e1 diretamente para o nosso clube.<\/span><\/li>\n<li><span style=\"line-height: 1.6em;\">Passando o parque de estacionamento \u00e0 esquerda, chegar\u00e1 aos nossos campos exteriores e ao pavilh\u00e3o de t\u00e9nis.<\/span><\/li>\n<\/ul>","protected":false},"excerpt":{"rendered":"<p>O primeiro campo de t\u00e9nis de padel em Karlsruhe est\u00e1 a ser constru\u00eddo nos terrenos da SpVgg Durlach-Aue. \u00c9 suposto come\u00e7ar em meados de Maio. Estamos mantendo nossos dedos cruzados para que tudo corra bem e continuaremos a relatar e tamb\u00e9m a compilar informa\u00e7\u00f5es sobre hor\u00e1rios de abertura, op\u00e7\u00f5es de reserva, etc. no Padel-Test!<\/p>","protected":false},"author":1,"featured_media":0,"comment_status":"open","ping_status":"open","sticky":false,"template":"","format":"standard","meta":{"_acf_changed":false,"_sitemap_exclude":false,"_sitemap_priority":"","_sitemap_frequency":"","_analytify_skip_tracking":false,"footnotes":""},"categories":[1],"tags":[197,192],"sgg_keywords":[],"class_list":["post-17534","post","type-post","status-publish","format-standard","hentry","category-padel-news","tag-karlsruhe","tag-padel-platzbauer"],"acf":{"tweet":"","hinweis_an_redaktion":"","unternehmen":"","logo_unedited":""},"_links":{"self":[{"href":"https:\/\/www.padel-test.de\/pt\/wp-json\/wp\/v2\/posts\/17534","targetHints":{"allow":["GET"]}}],"collection":[{"href":"https:\/\/www.padel-test.de\/pt\/wp-json\/wp\/v2\/posts"}],"about":[{"href":"https:\/\/www.padel-test.de\/pt\/wp-json\/wp\/v2\/types\/post"}],"author":[{"embeddable":true,"href":"https:\/\/www.padel-test.de\/pt\/wp-json\/wp\/v2\/users\/1"}],"replies":[{"embeddable":true,"href":"https:\/\/www.padel-test.de\/pt\/wp-json\/wp\/v2\/comments?post=17534"}],"version-history":[{"count":0,"href":"https:\/\/www.padel-test.de\/pt\/wp-json\/wp\/v2\/posts\/17534\/revisions"}],"wp:attachment":[{"href":"https:\/\/www.padel-test.de\/pt\/wp-json\/wp\/v2\/media?parent=17534"}],"wp:term":[{"taxonomy":"category","embeddable":true,"href":"https:\/\/www.padel-test.de\/pt\/wp-json\/wp\/v2\/categories?post=17534"},{"taxonomy":"post_tag","embeddable":true,"href":"https:\/\/www.padel-test.de\/pt\/wp-json\/wp\/v2\/tags?post=17534"},{"taxonomy":"sgg_keywords","embeddable":true,"href":"https:\/\/www.padel-test.de\/pt\/wp-json\/wp\/v2\/sgg_keywords?post=17534"}],"curies":[{"name":"wp","href":"https:\/\/api.w.org\/{rel}","templated":true}]}}