{"id":17570,"date":"2019-01-27T20:06:41","date_gmt":"2019-01-27T20:06:41","guid":{"rendered":"http:\/\/www.padel-test.de\/padel-nachrichten\/hauptversammlung-dpb-30-03-2019-frankfurt\/"},"modified":"2022-10-21T14:17:37","modified_gmt":"2022-10-21T14:17:37","slug":"hauptversammlung-dpb-30-03-2019-frankfurt","status":"publish","type":"post","link":"https:\/\/www.padel-test.de\/pt\/noticias-de-padel\/hauptversammlung-dpb-30-03-2019-frankfurt\/","title":{"rendered":"Assembleia Geral Anual da DPB em 30.03.2019 em Frankfurt - tenha j\u00e1 a sua opini\u00e3o sobre o futuro do padel na Alemanha!"},"content":{"rendered":"<p>Em 30.03.2019, a partir das 13.00 horas, ser\u00e1 realizado um evento especial com base no <a href=\"\/pt\/padel-frankfurt-niddapark\/\">Niddapark Tennis Centre, Am Ginnheimer W\u00e4ldchen 1, 60431 Frankfurt<\/a> a assembleia geral da <a href=\"\/pt\/federacao-alema-de-padel\/\">Federa\u00e7\u00e3o Alem\u00e3 de Padel (DPB)<\/a> vai ter lugar. Al\u00e9m dos pontos habituais de uma AGM, o principal objectivo desta AGM \u00e9 estabelecer o DPB como uma associa\u00e7\u00e3o unificada de desportos de padel alem\u00e3es e envolver o maior n\u00famero poss\u00edvel de adeptos de padel de todas as regi\u00f5es da Alemanha.<\/p>\n<p>Todo o conselho ser\u00e1 rec\u00e9m-eleito - portanto, um verdadeiro novo come\u00e7o \u00e9 poss\u00edvel. Todos podem e devem se envolver!<\/p>\n<p>Al\u00e9m dos clubes de padel (50,- Euro taxa anual), os jogadores individuais de padel (30,- Euro taxa anual) tamb\u00e9m podem se inscrever agora a tempo para a assembleia geral.\u00a0<a href=\"https:\/\/www.deutscherpadelbund.de\/startseite\/dpb-mitgliedschaft\/\" target=\"_blank\" rel=\"nofollow noopener noreferrer\">Torne-se um membro da DPB<\/a> e ajudar a desenvolver o padel na Alemanha. Somente no ano corrente, 20 novos membros se inscreveram e novos entusiastas do padel est\u00e3o se juntando todos os dias!<\/p>\n<p>&nbsp;<\/p>\n<p><strong>A agenda da Assembleia Geral da RPD \u00e9 a seguinte:<\/strong><\/p>\n<p>13:00 1. boas-vindas e forma\u00e7\u00e3o do quorum<br \/>\n13:05 2\u00aa Elei\u00e7\u00e3o do Secret\u00e1rio da Ata<br \/>\n13:10 3. apresenta\u00e7\u00e3o da ata do MA de 7 de outubro de 2007<br \/>\n13:15 4\u00ba relat\u00f3rio sobre a situa\u00e7\u00e3o do DPV\/DPB<br \/>\n13:45 5\u00ba DPB Realinhamento<br \/>\n14:15 6. futuros parceiros de coopera\u00e7\u00e3o da DPB<br \/>\n14:30 7\u00ba Tour alem\u00e3o de Padel 2019<br \/>\n15:00 8. Relat\u00f3rio de caixa e proposta de or\u00e7amento para 2019<br \/>\n15:15 9 Descarga da Diretoria Executiva<br \/>\n15:20 10. Elei\u00e7\u00e3o dos auditores para o ano de 2019<br \/>\n15:25 11. Apresenta\u00e7\u00e3o e vota\u00e7\u00e3o dos membros para:<\/p>\n<p style=\"padding-left: 30px;\">11.1 Novos Estatutos da DPB<br \/>\n11.2 Novas Regras de Contribui\u00e7\u00e3o<\/p>\n<p>&nbsp;<\/p>\n<p>16:00 Intervalo<\/p>\n<p>16:15 12 Elei\u00e7\u00e3o do oficial eleitoral<br \/>\n16.20 13. Apresenta\u00e7\u00e3o dos candidatos para a nova Comiss\u00e3o Executiva da DPB<br \/>\n16:50 14 Nova elei\u00e7\u00e3o do Conselho Executivo<br \/>\n17:15 15 Diversos<br \/>\n17:30 Fim do evento<\/p>\n<p>Os lugares de estacionamento est\u00e3o dispon\u00edveis em n\u00famero suficiente diretamente em frente \u00e0s instala\u00e7\u00f5es do clube.<\/p>\n<p>&nbsp;<\/p>\n<p style=\"text-align: center;\"><strong>Mais Padel News:<\/strong><\/p>\n<p style=\"text-align: center;\"><a href=\"\/pt\/teste-de-padel\/nachrichten\/german-padel-bund-waechst-stark-turniere-members\/\">Federa\u00e7\u00e3o Alem\u00e3 de Padel continua a crescer fortemente - mais torneios e membros<\/a><\/p>\n<p style=\"text-align: center;\"><a href=\"\/pt\/torneios-de-padel-2\/\">2\u00aa Padelbase Werne Open de 08-10.02.2019 - GPT 500 &amp; GPT 250<\/a><\/p>\n<p style=\"text-align: center;\">","protected":false},"excerpt":{"rendered":"<p>Em 30.03.2019, a partir das 13.00 horas, ser\u00e1 realizado um evento especial com base no <a href=\"\/pt\/padel-frankfurt-niddapark\/\">Centro de T\u00e9nis Niddapark Frankfurt<\/a> a assembleia geral da\u00a0<a href=\"\/pt\/federacao-alema-de-padel\/\">Federa\u00e7\u00e3o Alem\u00e3 de Padel (DPB)<\/a> vai ter lugar. Al\u00e9m dos pontos habituais de uma AGM, o principal objectivo desta AGM \u00e9 estabelecer a DPB como a associa\u00e7\u00e3o unificada dos desportos de remo alem\u00e3es e, na medida do poss\u00edvel,...<\/p>","protected":false},"author":1,"featured_media":0,"comment_status":"open","ping_status":"open","sticky":false,"template":"","format":"standard","meta":{"_acf_changed":false,"_sitemap_exclude":false,"_sitemap_priority":"","_sitemap_frequency":"","_analytify_skip_tracking":false,"footnotes":""},"categories":[1],"tags":[214,236],"sgg_keywords":[],"class_list":["post-17570","post","type-post","status-publish","format-standard","hentry","category-padel-news","tag-dpb","tag-hauptversammlung"],"acf":{"tweet":"","hinweis_an_redaktion":"","unternehmen":"","logo_unedited":""},"_links":{"self":[{"href":"https:\/\/www.padel-test.de\/pt\/wp-json\/wp\/v2\/posts\/17570","targetHints":{"allow":["GET"]}}],"collection":[{"href":"https:\/\/www.padel-test.de\/pt\/wp-json\/wp\/v2\/posts"}],"about":[{"href":"https:\/\/www.padel-test.de\/pt\/wp-json\/wp\/v2\/types\/post"}],"author":[{"embeddable":true,"href":"https:\/\/www.padel-test.de\/pt\/wp-json\/wp\/v2\/users\/1"}],"replies":[{"embeddable":true,"href":"https:\/\/www.padel-test.de\/pt\/wp-json\/wp\/v2\/comments?post=17570"}],"version-history":[{"count":0,"href":"https:\/\/www.padel-test.de\/pt\/wp-json\/wp\/v2\/posts\/17570\/revisions"}],"wp:attachment":[{"href":"https:\/\/www.padel-test.de\/pt\/wp-json\/wp\/v2\/media?parent=17570"}],"wp:term":[{"taxonomy":"category","embeddable":true,"href":"https:\/\/www.padel-test.de\/pt\/wp-json\/wp\/v2\/categories?post=17570"},{"taxonomy":"post_tag","embeddable":true,"href":"https:\/\/www.padel-test.de\/pt\/wp-json\/wp\/v2\/tags?post=17570"},{"taxonomy":"sgg_keywords","embeddable":true,"href":"https:\/\/www.padel-test.de\/pt\/wp-json\/wp\/v2\/sgg_keywords?post=17570"}],"curies":[{"name":"wp","href":"https:\/\/api.w.org\/{rel}","templated":true}]}}