{"id":17572,"date":"2019-05-16T10:10:40","date_gmt":"2019-05-16T10:10:40","guid":{"rendered":"http:\/\/www.padel-test.de\/padel-nachrichten\/menorca-open-2019-world-padel-tour-urlaub-einem\/"},"modified":"2022-10-21T14:17:36","modified_gmt":"2022-10-21T14:17:36","slug":"menorca-aberto-2019-mundo-padel-turno-ferias-um","status":"publish","type":"post","link":"https:\/\/www.padel-test.de\/pt\/noticias-de-padel\/menorca-aberto-2019-mundo-padel-turno-ferias-um\/","title":{"rendered":"Menorca Open 2019 - World Padel Tour e F\u00e9rias em um s\u00f3!"},"content":{"rendered":"<p><a href=\"\/pt\/teste-de-padel\/\">teste de Padel<\/a>De 9 a 13 de Outubro de 2019, um torneio do World Padel Tour ter\u00e1 lugar em Menorca. A sua oportunidade de ver os melhores padelistas do mundo ao vivo e, ao mesmo tempo, ter umas \u00f3ptimas f\u00e9rias quando j\u00e1 faz frio de Outono na Alemanha! Ent\u00e3o que tal ver os melhores padelistas do mundo ao vivo e ao mesmo tempo se divertir nas belas praias das ilhas?<\/p>\n<p><strong>Planejado:<\/strong><\/p>\n<ul>\n<li>Uma estadia de 5 dias na bela ilha de Menorca<\/li>\n<li>Esteja l\u00e1 ao vivo para as quartas de final e semifinais do World Padel Tour no Menorca Open 2019<\/li>\n<li>Relaxe e relaxe nas praias de areia fina do Menorca<\/li>\n<li>Balance voc\u00ea mesmo a raquete de padel no local e jogue contra os locais<\/li>\n<li>Fale de loja com outros man\u00edacos do Padel e divirta-se<\/li>\n<\/ul>\n<p>&nbsp;<\/p>\n<p><strong>Os dados-chave:<\/strong><\/p>\n<p>9-13 de Outubro de 2019 (Quarta-feira a Domingo)<\/p>\n<p>&nbsp;<\/p>\n<p><strong>Hotel: <\/strong><\/p>\n<p><strong>Menorca**** Occidental<\/strong><\/p>\n<ul>\n<li>(4 noites com pequeno almo\u00e7o buffet), a 100m da praia, 10min at\u00e9 ao local do WPT.<\/li>\n<li>Com parque desportivo (incl. 2 campos de padel)<\/li>\n<li>Bilhetes para o WPT de sexta-feira e s\u00e1bado (= quartos de final e meias-finais)<\/li>\n<li>Aluguel de carro (5 dias, seguro completo) do aeroporto de Mahon em Menorca<\/li>\n<\/ul>\n<p>&nbsp;<\/p>\n<p><strong>O Menorca Open 2019<\/strong><\/p>\n<p>Os jogos ser\u00e3o disputados no Pavilh\u00e3o Menorca, que oferece espa\u00e7o para 5.000 espectadores. Na sexta-feira e no s\u00e1bado podemos admirar os melhores padelistas do mundo e ver os seus espectaculares ralis<br \/>\nCom as quartas de final e semifinais masculinas e femininas, temos a oportunidade de assistir a uma variedade de jogos de primeira classe ao vivo.<br \/>\n<strong>Custos:<\/strong><\/p>\n<table class=\"mcntMsoNormalTable\" style=\"height: 197px;\" border=\"0\" width=\"414\">\n<tbody>\n<tr>\n<td valign=\"top\" width=\"304\">\n<p class=\"mcntMsoNormal\">Pessoas<\/p>\n<\/td>\n<td valign=\"top\" width=\"304\">\n<p class=\"mcntMsoNormal\">Quarto individual<br \/>\ncom 1 pessoa<\/p>\n<\/td>\n<td valign=\"top\" width=\"304\">\n<p class=\"mcntMsoNormal\">Quarto duplo<br \/>\ncom 2 pessoas<\/p>\n<\/td>\n<td valign=\"top\" width=\"304\">\n<p class=\"mcntMsoNormal\">Quarto familiar<br \/>\ncom 4 pessoas<\/p>\n<\/td>\n<\/tr>\n<tr>\n<td valign=\"top\" width=\"304\">\n<p class=\"mcntMsoNormal\">Pre\u00e7o por pessoa<\/p>\n<\/td>\n<td valign=\"top\" width=\"304\">\n<p class=\"mcntMsoNormal\">550 euros<br \/>\nincl. IVA*<\/p>\n<\/td>\n<td valign=\"top\" width=\"304\">\n<p class=\"mcntMsoNormal\">450 euros<br \/>\nincl. IVA **<\/p>\n<\/td>\n<td valign=\"top\" width=\"304\">\n<p class=\"mcntMsoNormal\">400 euros<br \/>\nincl. IVA **<\/p>\n<\/td>\n<\/tr>\n<\/tbody>\n<\/table>\n<p><em>Desconto por antecipa\u00e7\u00e3o de 10% at\u00e9 31 de Maio de 2019<\/em><\/p>\n<p>&nbsp;<\/p>\n<p><strong>Condi\u00e7\u00f5es de pagamento:<br \/>\n<\/strong>Por transfer\u00eancia banc\u00e1ria. 50% dep\u00f3sito no momento da reserva. Os restantes 50% at\u00e9 31\/07\/2019.<\/p>\n<p><strong>Servi\u00e7os inclu\u00eddos<\/strong><\/p>\n<ul>\n<li>4 noites com buffet de caf\u00e9 da manh\u00e3 no ****Hotel<\/li>\n<li>5 dias de aluguel de carro (Audi A1 com seguro completo)<\/li>\n<li>Bilhetes (2\u00aa categoria) WPT para sexta-feira e s\u00e1bado<\/li>\n<li>Aluguer de espa\u00e7o para um total de 8h<\/li>\n<li>Jogos contra os locais<\/li>\n<\/ul>\n<p><strong>Servi\u00e7os exclusivos<\/strong><\/p>\n<ul>\n<li>Voos para\/de Menorca<\/li>\n<li>Gasolina para o carro de aluguer<\/li>\n<li>Refei\u00e7\u00f5es (excepto pequeno-almo\u00e7o)<\/li>\n<li>Aulas de coaching (se desejado)<\/li>\n<li>Raquetes e bolas de aluguer (dispon\u00edveis no local)<\/li>\n<li>Atividades (se desejado)<\/li>\n<\/ul>\n<p>&nbsp;<\/p>\n<p><strong>Contacto:<\/strong><\/p>\n<p>Thomas L\u00f6negren<br \/>\n+49 176 20 12 36 01<br \/>\ninfo@tl-tennis-padel.de<\/p>\n<p>&nbsp;<\/p>\n<div id=\"attachment_6343\" style=\"width: 610px\" class=\"wp-caption aligncenter\"><img loading=\"lazy\" decoding=\"async\" aria-describedby=\"caption-attachment-6343\" class=\"wp-image-6343 size-full\" src=\"https:\/\/www.padel-test.de\/wp-content\/uploads\/2022\/09\/German-Menorca-Open-2019.png\" alt=\"WPT Menorca Open 2019\" width=\"600\" height=\"849\" \/><p id=\"caption-attachment-6343\" class=\"wp-caption-text\">WPT Menorca Open 2019<\/p><\/div>","protected":false},"excerpt":{"rendered":"<p>De 9-13 de Outubro de 2019, ter\u00e1 lugar em Menorca um torneio do Wolrd Padel Tour.  A sua oportunidade de ver os melhores padelistas do mundo de perto e pessoais e passar umas \u00f3ptimas f\u00e9rias ao mesmo tempo....<\/p>","protected":false},"author":1,"featured_media":14333,"comment_status":"open","ping_status":"open","sticky":false,"template":"","format":"standard","meta":{"_acf_changed":false,"_sitemap_exclude":false,"_sitemap_priority":"","_sitemap_frequency":"","_analytify_skip_tracking":false,"footnotes":""},"categories":[1],"tags":[237,205,238],"sgg_keywords":[],"class_list":["post-17572","post","type-post","status-publish","format-standard","has-post-thumbnail","hentry","category-padel-news","tag-menorca","tag-padel-training","tag-world-padel-tour"],"acf":{"tweet":"","hinweis_an_redaktion":"","unternehmen":"","logo_unedited":""},"_links":{"self":[{"href":"https:\/\/www.padel-test.de\/pt\/wp-json\/wp\/v2\/posts\/17572","targetHints":{"allow":["GET"]}}],"collection":[{"href":"https:\/\/www.padel-test.de\/pt\/wp-json\/wp\/v2\/posts"}],"about":[{"href":"https:\/\/www.padel-test.de\/pt\/wp-json\/wp\/v2\/types\/post"}],"author":[{"embeddable":true,"href":"https:\/\/www.padel-test.de\/pt\/wp-json\/wp\/v2\/users\/1"}],"replies":[{"embeddable":true,"href":"https:\/\/www.padel-test.de\/pt\/wp-json\/wp\/v2\/comments?post=17572"}],"version-history":[{"count":0,"href":"https:\/\/www.padel-test.de\/pt\/wp-json\/wp\/v2\/posts\/17572\/revisions"}],"wp:featuredmedia":[{"embeddable":true,"href":"https:\/\/www.padel-test.de\/pt\/wp-json\/wp\/v2\/media\/14333"}],"wp:attachment":[{"href":"https:\/\/www.padel-test.de\/pt\/wp-json\/wp\/v2\/media?parent=17572"}],"wp:term":[{"taxonomy":"category","embeddable":true,"href":"https:\/\/www.padel-test.de\/pt\/wp-json\/wp\/v2\/categories?post=17572"},{"taxonomy":"post_tag","embeddable":true,"href":"https:\/\/www.padel-test.de\/pt\/wp-json\/wp\/v2\/tags?post=17572"},{"taxonomy":"sgg_keywords","embeddable":true,"href":"https:\/\/www.padel-test.de\/pt\/wp-json\/wp\/v2\/sgg_keywords?post=17572"}],"curies":[{"name":"wp","href":"https:\/\/api.w.org\/{rel}","templated":true}]}}