{"id":17598,"date":"2019-10-20T22:17:40","date_gmt":"2019-10-20T22:17:40","guid":{"rendered":"http:\/\/www.padel-test.de\/padel-nachrichten\/zusammenfassung-der-jaehrlichen-generalversammlung-der-fip-in-castellon-2019\/"},"modified":"2022-10-21T14:17:23","modified_gmt":"2022-10-21T14:17:23","slug":"resumo-da-montagem-anual-da-montagem-da-fip-in-castellon-2019","status":"publish","type":"post","link":"https:\/\/www.padel-test.de\/pt\/noticias-de-padel\/resumo-da-montagem-anual-da-montagem-da-fip-in-castellon-2019\/","title":{"rendered":"Resumo da Assembl\u00e9ia Geral Anual do FIP em Castellon 2019"},"content":{"rendered":"<p>A 29\u00aa Reuni\u00e3o Geral Anual da Federa\u00e7\u00e3o Internacional de Padel foi celebrada na sexta-feira, dia 18.<\/p>\n<p>Grande participa\u00e7\u00e3o dos membros da Federa\u00e7\u00e3o, confirmando o interesse cont\u00ednuo de todos os membros nas atividades da Federa\u00e7\u00e3o Internacional.<\/p>\n<p>O Presidente Luigi Carraro abriu a reuni\u00e3o agradecendo a Espanha, o Conselho Superior de Deportes e a Federa\u00e7\u00e3o Espanhola de Padel pelo seu apoio, e agradeceu especialmente \u00e0 Comunidade Valenciana Federa\u00e7\u00e3o de Padel pela excepcional organiza\u00e7\u00e3o da XII em curso. Campeonato Mundial de Juniores Padel.<\/p>\n<p>A reuni\u00e3o come\u00e7ou com a vota\u00e7\u00e3o habitual para aprovar a ata da Assembl\u00e9ia Extraordin\u00e1ria de S\u00e3o Paulo (mar\u00e7o de 2019), na qual foi eleita a Diretoria, e em seguida foi aprovado o or\u00e7amento do FIP 2018.<\/p>\n<p>Em seguida, o Presidente Carraro apresentou o relat\u00f3rio sobre o trabalho realizado este ano pela atual gest\u00e3o do FIP, destacando entre os grandes resultados:<\/p>\n<ol>\n<li>A unifica\u00e7\u00e3o do ranking com o WPT<\/li>\n<li>A consolida\u00e7\u00e3o dos parceiros do FIP com a entrada de dois novos patrocinadores muito importantes,<\/li>\n<li>O novo circuito da FIP Padel Tour, que permite o desenvolvimento do padel em todo o mundo e tem sempre um ranking com jogadores do maior n\u00famero poss\u00edvel de nacionalidades diferentes.<\/li>\n<li>Em seguida, concentr\u00e1mo-nos em acordos importantes com a comunica\u00e7\u00e3o social, a come\u00e7ar pelo acordo com a Sky Sports, que transmitir\u00e1 o XI Campeonato Europeu (Roma, 4-9 de Novembro), e muitos outros que ser\u00e3o anunciados nas pr\u00f3ximas semanas,<\/li>\n<li>Os membros foram informados dos importantes desenvolvimentos com os Comit\u00eas Ol\u00edmpicos Europeus para a inclus\u00e3o do padel no Campeonato Europeu de Crac\u00f3via 2023 e tamb\u00e9m que em breve se iniciar\u00e1 um confronto com a organiza\u00e7\u00e3o do pr\u00f3ximo Campeonato Pan-Americano a ser realizado no Chile em 2023, a fim de incluir o padel entre as disciplinas tamb\u00e9m neste caso.<br \/>\nE tudo isso em vista do nosso objetivo mais importante, que \u00e9 nos tornarmos uma disciplina ol\u00edmpica em todos os sentidos da palavra.<\/li>\n<\/ol>\n<p>Neste contexto, foi com grande honra que o Presidente e o Comit\u00ea Executivo anunciaram aos membros a assinatura de um importante acordo assinado com a GAISF e a FIT, cujos detalhes ser\u00e3o anunciados nos pr\u00f3ximos dias, aproximando ainda mais a transi\u00e7\u00e3o de membro observador para membro permanente do FIP dentro da GAISF.<br \/>\nOs membros do FIP reconheceram unanimemente o trabalho realizado at\u00e9 agora.<\/p>\n<p>Como sempre, todos os campeonatos realizados nos \u00faltimos meses (desde a \u00faltima Assembl\u00e9ia Geral de Assun\u00e7\u00e3o de 2018 at\u00e9 hoje), o atual Campeonato Mundial de Juniores e o pr\u00f3ximo Campeonato Europeu em Roma (4-9 de novembro) foram realizados aqui.<\/p>\n<p>A reuni\u00e3o tamb\u00e9m votou para delegar ao Conselho, que assumir\u00e1 uma comiss\u00e3o de avalia\u00e7\u00e3o t\u00e9cnica, a adjudica\u00e7\u00e3o do pr\u00f3ximo Campeonato do Mundo de Veteranos e S\u00e9niores 2020.<\/p>\n<p>Finalmente, \u00e9 com particular prazer que vos informamos que a Assembleia votou, sob proposta do Conselho de Administra\u00e7\u00e3o, sobre a ades\u00e3o de 6 novos pa\u00edses ao FIP:<\/p>\n<p>China, R\u00fassia, S\u00e3o Marino, Arm\u00eania, Egito e Irlanda.<br \/>\nIsto confirma o que o padel est\u00e1 a crescer em todas as partes do mundo. Detalhes sobre estes pa\u00edses ser\u00e3o anunciados nos pr\u00f3ximos dias.<\/p>\n<p>\u00c9 muito importante para o FIP que todos os itens inclu\u00eddos na agenda da reuni\u00e3o tenham sido aprovados pela Assembl\u00e9ia Geral, o \u00f3rg\u00e3o soberano do FIP, com grande maioria de votos, incluindo os requeridos por uma maioria de dois ter\u00e7os. Isto mostra um crit\u00e9rio unificado dentro do FIP, onde prevalece o esp\u00edrito construtivo dos membros afiliados, e a confian\u00e7a no Conselho de Administra\u00e7\u00e3o, que continuar\u00e1 a trabalhar arduamente em conjunto com todos os pa\u00edses membros para os objectivos comuns.<\/p>\n<p>O encontro foi conclu\u00eddo com a esperan\u00e7a do Presidente Carraro de que o esp\u00edrito construtivo que caracterizou o encontro que acaba de se realizar seja o in\u00edcio de uma nova era na qual Padel encontre a unidade entre todos os seus componentes.<\/p>\n<p>&nbsp;<\/p>","protected":false},"excerpt":{"rendered":"<p>A 29\u00aa Reuni\u00e3o Geral Anual da Federa\u00e7\u00e3o Internacional de Padel foi celebrada na sexta-feira, dia 18. Grande participa\u00e7\u00e3o dos membros da Federa\u00e7\u00e3o, confirmando o interesse cont\u00ednuo de todos os membros nas atividades da Federa\u00e7\u00e3o Internacional.<br \/>\nO Presidente Luigi Carraro abriu a reuni\u00e3o dando as boas-vindas \u00e0 Espanha ...<\/p>","protected":false},"author":1,"featured_media":14369,"comment_status":"open","ping_status":"open","sticky":false,"template":"","format":"standard","meta":{"_acf_changed":false,"_sitemap_exclude":false,"_sitemap_priority":"","_sitemap_frequency":"","_analytify_skip_tracking":false,"footnotes":""},"categories":[1],"tags":[211,251,223],"sgg_keywords":[],"class_list":["post-17598","post","type-post","status-publish","format-standard","has-post-thumbnail","hentry","category-padel-news","tag-fip","tag-luigi-carraro","tag-wpt"],"acf":{"tweet":"","hinweis_an_redaktion":"","unternehmen":"","logo_unedited":""},"_links":{"self":[{"href":"https:\/\/www.padel-test.de\/pt\/wp-json\/wp\/v2\/posts\/17598","targetHints":{"allow":["GET"]}}],"collection":[{"href":"https:\/\/www.padel-test.de\/pt\/wp-json\/wp\/v2\/posts"}],"about":[{"href":"https:\/\/www.padel-test.de\/pt\/wp-json\/wp\/v2\/types\/post"}],"author":[{"embeddable":true,"href":"https:\/\/www.padel-test.de\/pt\/wp-json\/wp\/v2\/users\/1"}],"replies":[{"embeddable":true,"href":"https:\/\/www.padel-test.de\/pt\/wp-json\/wp\/v2\/comments?post=17598"}],"version-history":[{"count":0,"href":"https:\/\/www.padel-test.de\/pt\/wp-json\/wp\/v2\/posts\/17598\/revisions"}],"wp:featuredmedia":[{"embeddable":true,"href":"https:\/\/www.padel-test.de\/pt\/wp-json\/wp\/v2\/media\/14369"}],"wp:attachment":[{"href":"https:\/\/www.padel-test.de\/pt\/wp-json\/wp\/v2\/media?parent=17598"}],"wp:term":[{"taxonomy":"category","embeddable":true,"href":"https:\/\/www.padel-test.de\/pt\/wp-json\/wp\/v2\/categories?post=17598"},{"taxonomy":"post_tag","embeddable":true,"href":"https:\/\/www.padel-test.de\/pt\/wp-json\/wp\/v2\/tags?post=17598"},{"taxonomy":"sgg_keywords","embeddable":true,"href":"https:\/\/www.padel-test.de\/pt\/wp-json\/wp\/v2\/sgg_keywords?post=17598"}],"curies":[{"name":"wp","href":"https:\/\/api.w.org\/{rel}","templated":true}]}}