{"id":17608,"date":"2020-09-24T07:26:16","date_gmt":"2020-09-24T07:26:16","guid":{"rendered":"http:\/\/www.padel-test.de\/padel-nachrichten\/padelworld-bochum-aufschlag-padel-langendreer\/"},"modified":"2022-10-21T14:17:30","modified_gmt":"2022-10-21T14:17:30","slug":"padelworld-bochum-serve-padel-langendreer","status":"publish","type":"post","link":"https:\/\/www.padel-test.de\/pt\/noticias-de-padel\/padelworld-bochum-serve-padel-langendreer\/","title":{"rendered":"Padelworld Bochum: Impacto para Padel em Bochum"},"content":{"rendered":"<p><a href=\"\/pt\/localizacoes-do-padel-2\/padel-world-bochum\/\">padelworld Bochum<\/a>A maior f\u00e1brica de padel ao ar livre da Alemanha abre em Bochum no \u00faltimo fim de semana de setembro<\/p>\n<p>Ap\u00f3s tr\u00eas anos de planeamento e oito semanas de constru\u00e7\u00e3o, o padelworld Bochum abrir\u00e1 no dia 26 de Setembro de 2020 no campo de t\u00e9nis da SV Langendreer 04.<\/p>\n<p>\u201eIch f\u00fchle mich wie nach dem letzten Spiel einer Bundesligasaison mit dem VfL Bochum 1848 und wir haben in allerletzter Sekunde den Klassenerhalt gesichert&#8220;, beschreibt Marcel Maltritz seine Gef\u00fchlslage. Der ehemalige Profi-Fu\u00dfballer hat drei Jahre hart daf\u00fcr gek\u00e4mpft, dass der spanische Volkssport nun auch in Bochum gespielt werden kann.<\/p>\n<p>\u201eIm Gegensatz zu Tennis ist Padel sehr schnell und einfach zu erlernen&#8220;, erkl\u00e4rt der 41-j\u00e4hrige Gr\u00fcnder. \u201eAls ich vor vieren Jahr selbst zum ersten Mal Padel gespielt habe, war ich direkt begeistert von dieser Sportart, es hat mich nicht mehr losgelassen&#8220;.<\/p>\n<p>No fim de semana de abertura, o maior n\u00famero poss\u00edvel de visitantes deve ter a oportunidade de experimentar este fasc\u00ednio por si mesmos e experimentar gratuitamente o padel.<\/p>\n<p>No s\u00e1bado, 26 de Setembro, todos os interessados est\u00e3o cordialmente convidados a balan\u00e7ar a raquete de padel das 15 \u00e0s 21 horas. A partir de domingo, 27 de Setembro, as quadras ao ar livre podem ser reservadas regularmente. \"Para garantir que tudo corra bem, pedimos-lhe que se registe com anteced\u00eancia por e-mail (anmeldung@padelworld-bochum.de).<\/p>\n<p>O <a href=\"\/pt\/conhecimentos-de-padel\/batedor-de-pa\/\">Raquetes de Padel<\/a> e <a href=\"\/pt\/conhecimentos-de-padel\/bolas-de-pas\/\">Bolas de Padel<\/a> werden unter Einhaltung der Hygieneregeln kostenlos zur Verf\u00fcgung gestellt, Sportkleidung und Sportschuhe sollten mitgebracht werden&#8220;, so Marcel Maltritz zum Ablauf. Weitere Informationen auf www.padelworld-bochum.de und auf Facebook @padelworld.Bochum<\/p>\n<p>Como oferta especial de abertura, Padelworld Bochum est\u00e1 oferecendo um cart\u00e3o de 10 pessoas pelo pre\u00e7o de 50 euros.<\/p>\n<p>At\u00e9 31.12.2020, podem ser jogados jogos de 10 x 1 hora no campo Am Leithenhaus em Bochum.<\/p>","protected":false},"excerpt":{"rendered":"<p>Padelworld Bochum: a maior instala\u00e7\u00e3o de padel ao ar livre da Alemanha abre no \u00faltimo fim-de-semana de Setembro em Bochum Ap\u00f3s tr\u00eas anos de planeamento e oito semanas de constru\u00e7\u00e3o, o Padelworld Bochum abrir\u00e1 no dia 26 de Setembro de 2020 na instala\u00e7\u00e3o de t\u00e9nis SV Langendreer 04. \"Sinto-me como se estivesse a voltar da \u00faltima partida de uma temporada da Bundesliga com o VfL Bochum 1848 e vencemos no \u00faltimo...<\/p>","protected":false},"author":1,"featured_media":14386,"comment_status":"open","ping_status":"open","sticky":false,"template":"","format":"standard","meta":{"_acf_changed":false,"_sitemap_exclude":false,"_sitemap_priority":"","_sitemap_frequency":"","_analytify_skip_tracking":false,"footnotes":""},"categories":[1],"tags":[255,195,199,256],"sgg_keywords":[],"class_list":["post-17608","post","type-post","status-publish","format-standard","has-post-thumbnail","hentry","category-padel-news","tag-bochum","tag-padel-plaetze","tag-padel-turnier","tag-padelworld"],"acf":{"tweet":"","hinweis_an_redaktion":"","unternehmen":"","logo_unedited":""},"_links":{"self":[{"href":"https:\/\/www.padel-test.de\/pt\/wp-json\/wp\/v2\/posts\/17608","targetHints":{"allow":["GET"]}}],"collection":[{"href":"https:\/\/www.padel-test.de\/pt\/wp-json\/wp\/v2\/posts"}],"about":[{"href":"https:\/\/www.padel-test.de\/pt\/wp-json\/wp\/v2\/types\/post"}],"author":[{"embeddable":true,"href":"https:\/\/www.padel-test.de\/pt\/wp-json\/wp\/v2\/users\/1"}],"replies":[{"embeddable":true,"href":"https:\/\/www.padel-test.de\/pt\/wp-json\/wp\/v2\/comments?post=17608"}],"version-history":[{"count":0,"href":"https:\/\/www.padel-test.de\/pt\/wp-json\/wp\/v2\/posts\/17608\/revisions"}],"wp:featuredmedia":[{"embeddable":true,"href":"https:\/\/www.padel-test.de\/pt\/wp-json\/wp\/v2\/media\/14386"}],"wp:attachment":[{"href":"https:\/\/www.padel-test.de\/pt\/wp-json\/wp\/v2\/media?parent=17608"}],"wp:term":[{"taxonomy":"category","embeddable":true,"href":"https:\/\/www.padel-test.de\/pt\/wp-json\/wp\/v2\/categories?post=17608"},{"taxonomy":"post_tag","embeddable":true,"href":"https:\/\/www.padel-test.de\/pt\/wp-json\/wp\/v2\/tags?post=17608"},{"taxonomy":"sgg_keywords","embeddable":true,"href":"https:\/\/www.padel-test.de\/pt\/wp-json\/wp\/v2\/sgg_keywords?post=17608"}],"curies":[{"name":"wp","href":"https:\/\/api.w.org\/{rel}","templated":true}]}}