{"id":19748,"date":"2022-10-30T23:33:32","date_gmt":"2022-10-30T23:33:32","guid":{"rendered":"https:\/\/www.padel-test.de\/padel-nachrichten\/\/"},"modified":"2022-11-09T23:59:04","modified_gmt":"2022-11-09T23:59:04","slug":"padel-tvn-essen-padel-fortbildung-fuer-b-c-c-trainer","status":"publish","type":"post","link":"https:\/\/www.padel-test.de\/pt\/noticias-de-padel\/padel-tvn-essen-padel-fortbildung-fuer-b-c-c-trainer\/","title":{"rendered":"Padel TVN Essen: Padel forma\u00e7\u00e3o avan\u00e7ada para treinadores de B\/C"},"content":{"rendered":"<p>Em <a href=\"\/pt\/localizacoes-do-padel-2\/tvn-padel-essen\/\">Padel TVN Essen<\/a> Pela primeira vez na Alemanha, realizou-se um curso de treino avan\u00e7ado para treinadores B\/C com o tema do padel durante um fim-de-semana dentro do Centro de T\u00e9nis TVN em Essen. 22 participantes foram formados pelos conferencistas <a href=\"\/pt\/treinador-de-padel-2\/thomas-loenegren\/\">Thomas L\u00f6negren (Formador Licenciado Padel)<\/a> e Daniel Lingen (jogador nacional de padel) foram guiados durante dois dias nos dois campos de padel da TZE e junto aos mesmos, atrav\u00e9s de um programa de treino avan\u00e7ado extremamente orientado para a pr\u00e1tica que abordou, entre outras coisas, an\u00e1lises t\u00e9cnicas, medidas met\u00f3dicas na forma\u00e7\u00e3o e sua implementa\u00e7\u00e3o, assim como a organiza\u00e7\u00e3o de opera\u00e7\u00f5es de treino. Em Essen, pela primeira vez na Alemanha, os treinadores de t\u00e9nis para padel foram treinados durante o fim-de-semana num evento de treino avan\u00e7ado.<\/p>\n<p>A oferta de 22 e 23 de Outubro foi o primeiro treino avan\u00e7ado oficial para treinadores B\/C sobre o tema do padel em toda a Alemanha - depois do NRW Padel Open co-organizado pela TVN, que h\u00e1 algumas semanas atr\u00e1s se tinha transformado no maior torneio de padel da Alemanha at\u00e9 \u00e0 data, mais uma pedra de mosaico nos esfor\u00e7os da associa\u00e7\u00e3o para definir um curso precoce na \u00e1rea deste desporto de tend\u00eancia em r\u00e1pido desenvolvimento.<\/p>\n<p>22 participantes foram formados pelos instrutores Thomas L\u00f6negren (Treinador Licenciado de Padel) e Daniel Lingen (Jogador Nacional de Padel) ao longo de 2 dias nos dois dias <a href=\"https:\/\/www.padel-test.de\/pt\/campos-de-paddle\/\">Tribunais de Padel<\/a> orientado atrav\u00e9s de um programa de forma\u00e7\u00e3o extremamente orientado para a pr\u00e1tica na TZE.<\/p>\n<p>Finalmente, o foco foi a pr\u00e1tica e a divers\u00e3o num torneio de desempate.<\/p>\n<p>No futuro, a forma\u00e7\u00e3o cont\u00ednua na \u00e1rea do padel ser\u00e1 regularmente inclu\u00edda no c\u00e2none de ofertas de forma\u00e7\u00e3o e educa\u00e7\u00e3o cont\u00ednua para treinadores de t\u00e9nis na TVN.<\/p>\n<p>&nbsp;<\/p>\n<div id=\"attachment_19755\" style=\"width: 900px\" class=\"wp-caption aligncenter\"><img loading=\"lazy\" decoding=\"async\" aria-describedby=\"caption-attachment-19755\" class=\"wp-image-19755 size-full\" src=\"https:\/\/www.padel-test.de\/wp-content\/uploads\/2022\/10\/Padel-Essen-Trainer-Fortbildung.jpg\" alt=\"Padel Essen Forma\u00e7\u00e3o de Formadores\" width=\"890\" height=\"572\" srcset=\"https:\/\/www.padel-test.de\/wp-content\/uploads\/2022\/10\/Padel-Essen-Trainer-Fortbildung.jpg 890w, https:\/\/www.padel-test.de\/wp-content\/uploads\/2022\/10\/Padel-Essen-Trainer-Fortbildung-300x193.jpg 300w, https:\/\/www.padel-test.de\/wp-content\/uploads\/2022\/10\/Padel-Essen-Trainer-Fortbildung-150x96.jpg 150w, https:\/\/www.padel-test.de\/wp-content\/uploads\/2022\/10\/Padel-Essen-Trainer-Fortbildung-768x494.jpg 768w, https:\/\/www.padel-test.de\/wp-content\/uploads\/2022\/10\/Padel-Essen-Trainer-Fortbildung-18x12.jpg 18w, https:\/\/www.padel-test.de\/wp-content\/uploads\/2022\/10\/Padel-Essen-Trainer-Fortbildung-106x68.jpg 106w, https:\/\/www.padel-test.de\/wp-content\/uploads\/2022\/10\/Padel-Essen-Trainer-Fortbildung-64x41.jpg 64w\" sizes=\"auto, (max-width: 890px) 100vw, 890px\" \/><p id=\"caption-attachment-19755\" class=\"wp-caption-text\">Padel Essen Forma\u00e7\u00e3o de Formadores<\/p><\/div>\n<p>&nbsp;<\/p>","protected":false},"excerpt":{"rendered":"<p>No Padel TVN Essen dentro do Centro de T\u00e9nis TVN em Essen, realizou-se pela primeira vez na Alemanha, durante um fim-de-semana, um curso de forma\u00e7\u00e3o avan\u00e7ado para treinadores de B\/C com o tema do padel. 22 participantes foram treinados pelos instrutores Thomas L\u00f6negren (t\u00e9cnico licenciado de padel) e Daniel Lingen (jogador nacional de padel) durante dois dias dentro e fora dos dois campos de padel na TZE....<\/p>","protected":false},"author":1,"featured_media":0,"comment_status":"closed","ping_status":"closed","sticky":false,"template":"","format":"standard","meta":{"_acf_changed":false,"_sitemap_exclude":false,"_sitemap_priority":"","_sitemap_frequency":"","_analytify_skip_tracking":false,"footnotes":""},"categories":[1],"tags":[272,206,273,205],"sgg_keywords":[],"class_list":["post-19748","post","type-post","status-publish","format-standard","hentry","category-padel-news","tag-ausbildung","tag-essen","tag-fortbildung","tag-padel-training"],"acf":{"tweet":"","hinweis_an_redaktion":"","unternehmen":"","logo_unedited":""},"_links":{"self":[{"href":"https:\/\/www.padel-test.de\/pt\/wp-json\/wp\/v2\/posts\/19748","targetHints":{"allow":["GET"]}}],"collection":[{"href":"https:\/\/www.padel-test.de\/pt\/wp-json\/wp\/v2\/posts"}],"about":[{"href":"https:\/\/www.padel-test.de\/pt\/wp-json\/wp\/v2\/types\/post"}],"author":[{"embeddable":true,"href":"https:\/\/www.padel-test.de\/pt\/wp-json\/wp\/v2\/users\/1"}],"replies":[{"embeddable":true,"href":"https:\/\/www.padel-test.de\/pt\/wp-json\/wp\/v2\/comments?post=19748"}],"version-history":[{"count":0,"href":"https:\/\/www.padel-test.de\/pt\/wp-json\/wp\/v2\/posts\/19748\/revisions"}],"wp:attachment":[{"href":"https:\/\/www.padel-test.de\/pt\/wp-json\/wp\/v2\/media?parent=19748"}],"wp:term":[{"taxonomy":"category","embeddable":true,"href":"https:\/\/www.padel-test.de\/pt\/wp-json\/wp\/v2\/categories?post=19748"},{"taxonomy":"post_tag","embeddable":true,"href":"https:\/\/www.padel-test.de\/pt\/wp-json\/wp\/v2\/tags?post=19748"},{"taxonomy":"sgg_keywords","embeddable":true,"href":"https:\/\/www.padel-test.de\/pt\/wp-json\/wp\/v2\/sgg_keywords?post=19748"}],"curies":[{"name":"wp","href":"https:\/\/api.w.org\/{rel}","templated":true}]}}