{"id":17443,"date":"2016-07-04T22:00:00","date_gmt":"2016-07-04T22:00:00","guid":{"rendered":"http:\/\/www.padel-test.de\/padel-nachrichten\/1-padel-tennisplatz-in-karlsruhe-wird-eroffnet\/"},"modified":"2022-10-21T14:17:38","modified_gmt":"2022-10-21T14:17:38","slug":"1-padeltennisbana-oeppnar-i-karlsruhe","status":"publish","type":"post","link":"https:\/\/www.padel-test.de\/sv\/padel-nyheter\/1-padeltennisbana-oeppnar-i-karlsruhe\/","title":{"rendered":"1:a padeltennisbanan \u00f6ppnar i Karlsruhe"},"content":{"rendered":"<p>P\u00e5 s\u00f6ndag kommer <strong>10.07.2016<\/strong> firar den <a href=\"\/sv\/padel-durlach-aue\/\">SpVgg Durlach-Aue<\/a> en stor h\u00e4ndelse: Den nya padeltennisbanan kommer att invigas p\u00e5 Oberwaldstadions omr\u00e5de. Fr\u00e5n 12:00 till 16:00 kan medlemmarna i Spielvereinigung och alla intresserade bes\u00f6kare l\u00e4ra sig mer om sporten, som \u00e4r s\u00e4rskilt utbredd i Spanien och Sydamerika.<\/p>\n<p>Drei Jahre Planung waren n\u00f6tig, um diese Trendsportart nach Karlsruhe zu holen &#8211; jetzt endlich steht der neue Padel-Tennisplatz auf dem Gel\u00e4nde der Spielvereinigung. Zwischen der Tennishalle und den &#8222;normalen&#8220; Tennispl\u00e4tzen wurde der zwanzig auf zehn Meter gro\u00dfe Court errichtet.<\/p>\n<p>Det speciella med sporten \u00e4r att padeltennis normalt alltid spelas i dubbel. F\u00f6r att kunna presentera den nya trendsporten f\u00f6r alla intresserade kommer den spanska padeltr\u00e4naren Philipe Adam att finnas p\u00e5 plats f\u00f6r att svara p\u00e5 alla fr\u00e5gor om den f\u00f6rsta padeltennisbanan i Karlsruhe.<\/p>\n<p><span style=\"text-decoration: underline;\">Press och PR<\/span><br \/>\n<span style=\"line-height: 20.8px;\">Tobias Rieger\u00a0<\/span><br \/>\n<span style=\"line-height: 1.6em;\">SpVgg Durlach-Aue 1910 e.V.\u00a0<\/span><br \/>\n<span style=\"line-height: 1.6em;\">Erlachseeweg 1\u00a0<\/span><br \/>\n<span style=\"line-height: 1.6em;\">76227 Karlsruhe-Durlach\u00a0<\/span><\/p>\n<p>0170 900 1431<br \/>\n0721 605 3416<\/p>","protected":false},"excerpt":{"rendered":"<p>P\u00e5 s\u00f6ndagen den 10.07.2016 <a href=\"\/sv\/padel-durlach-aue\/\">SpVgg Durlach-Aue<\/a> ein gro\u00dfes Ereignis: Der neue Padel-Tennisplatz wird auf dem Gel\u00e4nde des Oberwaldstadions eingeweiht. Von 12:00 Uhr bis 16:00 Uhr k\u00f6nnen die Mitglieder der Spielvereinigung und alle interessierten Besucher mehr erfahren \u00fcber die Sportart, die vor allem in Spanien und S\u00fcdamerika weit verbreitet ist&#8230;<\/p>","protected":false},"author":1,"featured_media":0,"comment_status":"open","ping_status":"open","sticky":false,"template":"","format":"standard","meta":{"_acf_changed":false,"_sitemap_exclude":false,"_sitemap_priority":"","_sitemap_frequency":"","_analytify_skip_tracking":false,"footnotes":""},"categories":[1],"tags":[197,192],"sgg_keywords":[],"class_list":["post-17443","post","type-post","status-publish","format-standard","hentry","category-padel-news","tag-karlsruhe","tag-padel-platzbauer"],"acf":{"tweet":"","hinweis_an_redaktion":"","unternehmen":"","logo_unedited":""},"_links":{"self":[{"href":"https:\/\/www.padel-test.de\/sv\/wp-json\/wp\/v2\/posts\/17443","targetHints":{"allow":["GET"]}}],"collection":[{"href":"https:\/\/www.padel-test.de\/sv\/wp-json\/wp\/v2\/posts"}],"about":[{"href":"https:\/\/www.padel-test.de\/sv\/wp-json\/wp\/v2\/types\/post"}],"author":[{"embeddable":true,"href":"https:\/\/www.padel-test.de\/sv\/wp-json\/wp\/v2\/users\/1"}],"replies":[{"embeddable":true,"href":"https:\/\/www.padel-test.de\/sv\/wp-json\/wp\/v2\/comments?post=17443"}],"version-history":[{"count":0,"href":"https:\/\/www.padel-test.de\/sv\/wp-json\/wp\/v2\/posts\/17443\/revisions"}],"wp:attachment":[{"href":"https:\/\/www.padel-test.de\/sv\/wp-json\/wp\/v2\/media?parent=17443"}],"wp:term":[{"taxonomy":"category","embeddable":true,"href":"https:\/\/www.padel-test.de\/sv\/wp-json\/wp\/v2\/categories?post=17443"},{"taxonomy":"post_tag","embeddable":true,"href":"https:\/\/www.padel-test.de\/sv\/wp-json\/wp\/v2\/tags?post=17443"},{"taxonomy":"sgg_keywords","embeddable":true,"href":"https:\/\/www.padel-test.de\/sv\/wp-json\/wp\/v2\/sgg_keywords?post=17443"}],"curies":[{"name":"wp","href":"https:\/\/api.w.org\/{rel}","templated":true}]}}