{"id":17456,"date":"2017-06-27T22:00:00","date_gmt":"2017-06-27T22:00:00","guid":{"rendered":"http:\/\/www.padel-test.de\/padel-nachrichten\/padel-tennis-fur-kinder-na-klar-weyhe-machts-vor\/"},"modified":"2022-10-21T14:17:16","modified_gmt":"2022-10-21T14:17:16","slug":"padel-tennis-foer-barn-naturligtvis-weyhe-visar-vaegen","status":"publish","type":"post","link":"https:\/\/www.padel-test.de\/sv\/padel-nyheter\/padel-tennis-foer-barn-naturligtvis-weyhe-visar-vaegen\/","title":{"rendered":"Padeltennis f\u00f6r barn? Ja, sj\u00e4lvklart! Weyhe visar v\u00e4gen..."},"content":{"rendered":"<p>Padel f\u00f6r barn: Som en del av Weyher Ferienkiste deltog fem 9- och 10-\u00e5ringar ig\u00e5r (27.6.2017) och \u00e5tta 11-\u00e5ringar idag (28.6.2017) i ett padel-l\u00e4ger p\u00e5 <a href=\"\/sv\/padel-bremen-weyhe\/\">Padel-anl\u00e4ggning Bremen-Weyhe<\/a> som bestod av 2 timmars boll\u00f6vningar och 2 timmars spel.<\/p>\n<p>Barnen beh\u00f6vde bara betala 2 euro till kommunens idrottsfr\u00e4mjande program.<br \/>\nUtbildare, mat och dryck tillhandah\u00f6lls av <a href=\"\/sv\/padel-bremen-weyhe\/\">TC 71 Weyhe<\/a> st\u00e4lld.<\/p>\n<p>Syftet var att f\u00e5 barn intresserade av padelsporten, att erbjuda tr\u00e4ningsgrupper baserade p\u00e5 detta och att b\u00f6rja arbeta med n\u00e4sta generation.<\/p>\n<p>Och som ni tydligt kan se p\u00e5 bilderna var det en stor framg\u00e5ng. Barnen hade j\u00e4ttekul och du kommer f\u00f6rmodligen att se n\u00e5gra av dem spela padeltennis oftare nu.<\/p>\n<p>Detta b\u00f6r \u00e4ven g\u00e4lla f\u00f6r andra <a href=\"\/sv\/padelplatser-tyskland\/\">Tyska padelplatser<\/a> vara en positiv signal: f\u00e5 barn och ungdomar att komma i kontakt med padel. Endast med ett starkt ungdomsarbete kan vi bygga en grund f\u00f6r padel i Tyskland!<\/p>","protected":false},"excerpt":{"rendered":"<p>Padel f\u00f6r barn: Som en del av Weyher Ferienkiste deltog fem 9- och 10-\u00e5ringar ig\u00e5r (27.6.2017) och \u00e5tta 11-\u00e5ringar idag (28.6.2017) i ett padel-l\u00e4ger p\u00e5 <a href=\"\/sv\/padel-bremen-weyhe\/\">Padel-anl\u00e4ggning Bremen-Weyhe<\/a> teilgenommen, welches aus 2 Stunden Ball\u00fcbungen und 2 Stunden Spielformen bestand. Die Kinder mussten daf\u00fcr lediglich 2,- Euro an die Sportf\u00f6rderung der Gemeinde zahlen&#8230;<\/p>","protected":false},"author":1,"featured_media":0,"comment_status":"open","ping_status":"open","sticky":false,"template":"","format":"standard","meta":{"_acf_changed":false,"_sitemap_exclude":false,"_sitemap_priority":"","_sitemap_frequency":"","_analytify_skip_tracking":false,"footnotes":""},"categories":[1],"tags":[196,205],"sgg_keywords":[],"class_list":["post-17456","post","type-post","status-publish","format-standard","hentry","category-padel-news","tag-bremen","tag-padel-training"],"acf":{"tweet":"","hinweis_an_redaktion":"","unternehmen":"","logo_unedited":""},"_links":{"self":[{"href":"https:\/\/www.padel-test.de\/sv\/wp-json\/wp\/v2\/posts\/17456","targetHints":{"allow":["GET"]}}],"collection":[{"href":"https:\/\/www.padel-test.de\/sv\/wp-json\/wp\/v2\/posts"}],"about":[{"href":"https:\/\/www.padel-test.de\/sv\/wp-json\/wp\/v2\/types\/post"}],"author":[{"embeddable":true,"href":"https:\/\/www.padel-test.de\/sv\/wp-json\/wp\/v2\/users\/1"}],"replies":[{"embeddable":true,"href":"https:\/\/www.padel-test.de\/sv\/wp-json\/wp\/v2\/comments?post=17456"}],"version-history":[{"count":0,"href":"https:\/\/www.padel-test.de\/sv\/wp-json\/wp\/v2\/posts\/17456\/revisions"}],"wp:attachment":[{"href":"https:\/\/www.padel-test.de\/sv\/wp-json\/wp\/v2\/media?parent=17456"}],"wp:term":[{"taxonomy":"category","embeddable":true,"href":"https:\/\/www.padel-test.de\/sv\/wp-json\/wp\/v2\/categories?post=17456"},{"taxonomy":"post_tag","embeddable":true,"href":"https:\/\/www.padel-test.de\/sv\/wp-json\/wp\/v2\/tags?post=17456"},{"taxonomy":"sgg_keywords","embeddable":true,"href":"https:\/\/www.padel-test.de\/sv\/wp-json\/wp\/v2\/sgg_keywords?post=17456"}],"curies":[{"name":"wp","href":"https:\/\/api.w.org\/{rel}","templated":true}]}}