{"id":17473,"date":"2017-04-01T22:00:00","date_gmt":"2017-04-01T22:00:00","guid":{"rendered":"http:\/\/www.padel-test.de\/padel-nachrichten\/eroeffnungsfeier-padel-plaetze-vorarlberg-tc-hard\/"},"modified":"2022-11-10T21:33:18","modified_gmt":"2022-11-10T21:33:18","slug":"oeppningsceremoni-padel-platser-vorarlberg-tc-hart","status":"publish","type":"post","link":"https:\/\/www.padel-test.de\/sv\/padel-nyheter\/oeppningsceremoni-padel-platser-vorarlberg-tc-hart\/","title":{"rendered":"Invigningsceremoni av de f\u00f6rsta padelbanorna i Vorarlberg p\u00e5 TC Hard"},"content":{"rendered":"<p>Den 6 maj 2017, fr\u00e5n kl. 13.00, p\u00e5 Harder Tennis Clubs omr\u00e5de, kommer de tv\u00e5 f\u00f6rsta <a href=\"\/sv\/padel-turneringar-2\/\">Padelbanor officiellt \u00f6ppnade i Vorarlberg<\/a>. De tv\u00e5 toppspelarna Christoph Krenn, topp 3 i \u00d6sterrike, och Mauri Andrini, nr 1 i brittisk padelsport, kommer att bjuda intresserade \u00e5sk\u00e5dare p\u00e5 n\u00e5gra godbitar av denna nya trendsport vid en uppvisningsmatch som f\u00f6ljs av en meet &amp; greet. P\u00e5 kv\u00e4llen kommer de v\u00e4lk\u00e4nda All Right Guys att se till att st\u00e4mningen \u00e4r p\u00e5 topp.<\/p>\n<p>Padeltennis \u00e4r en ny, actionfylld sport som har blivit mycket popul\u00e4r, s\u00e4rskilt i de spansktalande delarna av v\u00e4rlden. Padeltennis kombinerar olika element fr\u00e5n squash och tennis. Den \u00e4r utformad som en backswing-sport som spelas i dubbel p\u00e5 en tennisliknande bana (20 meter x 10 meter), \u00e5tskild av ett n\u00e4t i tv\u00e5 halvor av banan och omgiven av glas- och gallerv\u00e4ggar.<\/p>\n<p>Det spelas med en racket som har en elastisk tr\u00e4ffyta men som, till skillnad fr\u00e5n tennis, inte beh\u00f6ver str\u00e4ngas. F\u00f6rr var racketarna gjorda av tr\u00e4 och liknade en paddel, d\u00e4rav namnet padel eller paddeltennis. Numera tillverkas racketarna dock av mer robusta och l\u00e4ttare material som kolfiber eller kevlar.<\/p>\n<p>Bollarna \u00e4r mycket lika en tennisboll, men har ett l\u00e4gre tryck inuti. R\u00e4knemetoden \u00e4r bekant fr\u00e5n tennis.<\/p>\n<p>Det finns inga andra padelbanor inom 100 kilometer fr\u00e5n Hard. Den n\u00e4rmaste banan finns i Z\u00fcrich, f\u00f6ljt av M\u00fcnchen. I \u00d6sterrike kan man r\u00e4kna antalet padelbanor p\u00e5 tv\u00e5 h\u00e4nder. Men med banorna i Hard finns nu \u00e4ven Vorarlberg representerat p\u00e5 paddelkartan.<\/p>\n<p>Vid invigningen den 6 maj kommer det f\u00f6rutom uppvisningen av de tv\u00e5 toppspelarna \u00e4ven att anordnas en Tennis Colorball-turnering f\u00f6r barn och en Tennis Olympics-turnering, d\u00e4r alla intresserade kan t\u00e4vla mot varandra i tre olika sporter (padel, tennis, bordtennis). Med hoppborg, gunghjul och m\u00e5lkastningsstationer erbjuder Hard Tennis Club ytterligare attraktioner f\u00f6r barn.<\/p>\n<p>Dessutom kan du vinna attraktiva priser p\u00e5 totalt \u00f6ver 6 000 euro i Raiffeisens t\u00e4vling och TC Hard-lotteriet.<\/p>\n<ul>\n<li>Mer information om <a href=\"\/sv\/padel-tc-hard-bregenz\/\">Padel p\u00e5 TC Hard<\/a><\/li>\n<li>\u00d6versikt \u00f6ver <a href=\"\/sv\/paddelbanor-oesterrike\/\">Padelbanor i \u00d6sterrike<\/a><\/li>\n<\/ul>","protected":false},"excerpt":{"rendered":"<p>Am 06. Mai 2017 werden ab 13.00 Uhr auf der Anlage des Harder Tennisclubs die beiden ersten Padelcourts in Vorarlberg feierlich ero\u0308ffnet<\/a>. Die beiden Topspieler Christoph Krenn, seines Zeichens Top 3 in O\u0308sterreich, und Mauri Andrini, die Nr. 1 im britischen Padelsport, werden den interessierten Zuschauern bei einem Exhibitionmatch mit anschlie\u00dfendem Meet &amp; Greet einige Leckerbissen dieser neuen Trendsportart servieren&#8230;<\/p>","protected":false},"author":1,"featured_media":0,"comment_status":"closed","ping_status":"closed","sticky":false,"template":"","format":"standard","meta":{"_acf_changed":false,"_sitemap_exclude":false,"_sitemap_priority":"","_sitemap_frequency":"","_analytify_skip_tracking":false,"footnotes":""},"categories":[1],"tags":[200,192],"sgg_keywords":[],"class_list":["post-17473","post","type-post","status-publish","format-standard","hentry","category-padel-news","tag-bregenz","tag-padel-platzbauer"],"acf":{"tweet":"","hinweis_an_redaktion":"","unternehmen":"","logo_unedited":""},"_links":{"self":[{"href":"https:\/\/www.padel-test.de\/sv\/wp-json\/wp\/v2\/posts\/17473","targetHints":{"allow":["GET"]}}],"collection":[{"href":"https:\/\/www.padel-test.de\/sv\/wp-json\/wp\/v2\/posts"}],"about":[{"href":"https:\/\/www.padel-test.de\/sv\/wp-json\/wp\/v2\/types\/post"}],"author":[{"embeddable":true,"href":"https:\/\/www.padel-test.de\/sv\/wp-json\/wp\/v2\/users\/1"}],"replies":[{"embeddable":true,"href":"https:\/\/www.padel-test.de\/sv\/wp-json\/wp\/v2\/comments?post=17473"}],"version-history":[{"count":0,"href":"https:\/\/www.padel-test.de\/sv\/wp-json\/wp\/v2\/posts\/17473\/revisions"}],"wp:attachment":[{"href":"https:\/\/www.padel-test.de\/sv\/wp-json\/wp\/v2\/media?parent=17473"}],"wp:term":[{"taxonomy":"category","embeddable":true,"href":"https:\/\/www.padel-test.de\/sv\/wp-json\/wp\/v2\/categories?post=17473"},{"taxonomy":"post_tag","embeddable":true,"href":"https:\/\/www.padel-test.de\/sv\/wp-json\/wp\/v2\/tags?post=17473"},{"taxonomy":"sgg_keywords","embeddable":true,"href":"https:\/\/www.padel-test.de\/sv\/wp-json\/wp\/v2\/sgg_keywords?post=17473"}],"curies":[{"name":"wp","href":"https:\/\/api.w.org\/{rel}","templated":true}]}}