{"id":17531,"date":"2016-01-17T23:00:00","date_gmt":"2016-01-17T23:00:00","guid":{"rendered":"http:\/\/www.padel-test.de\/padel-nachrichten\/padel-camp-in-valencia-februar-2016\/"},"modified":"2022-10-21T14:17:42","modified_gmt":"2022-10-21T14:17:42","slug":"padelcamp-i-valencia-februari-2016","status":"publish","type":"post","link":"https:\/\/www.padel-test.de\/sv\/padel-nyheter\/padelcamp-i-valencia-februari-2016\/","title":{"rendered":"Padel Camp i Valencia - februari 2016"},"content":{"rendered":"<p>Padel-Camp.eu erbjuder padel-spelare ett intressant padel-evenemang i februari d\u00e4r du kan<span style=\"line-height: 1.6em;\">\u00a0f\u00f6rb\u00e4ttra din niv\u00e5 i en av de b\u00e4sta padelskolorna i Spanien, spela en sp\u00e4nnande turnering och njut av ett fantastiskt st\u00f6dprogram.<\/span><\/p>\n<p><strong>Info fr\u00e5n Padel Camp:<\/strong><br \/>\n<em>Du vill ha..:<br \/>\n&#8211; Ihr Niveau im Padel verbessern<br \/>\n&#8211; Ihre Fitness und Technik ausbauen<br \/>\n&#8211; Mit den besten Padel-Trainern spielen und wertvolles Coaching erhalten<br \/>\n&#8211; Einen aktiven Urlaub unter der Sonne Spaniens verbringen<br \/>\n&#8211; Das Meer und gutes Essen genie\u00dfen<\/em><\/p>\n<p>Vi erbjuder:<br \/>\n+Direktflug Berlin &#8211; Valencia<br \/>\n+Fr\u00e5n 11 - 16 februari 2016<br \/>\n+Intensiv tr\u00e4ning med tv\u00e5 timmar p\u00e5 morgonen och en och en halv timmes matchtr\u00e4ning p\u00e5 eftermiddagen.<br \/>\n+Fokuspunkter: Tekniktr\u00e4ning, grundslag, bandeja, serve och volley, taktiktr\u00e4ning, attack\/f\u00f6rsvar, lob, matchtr\u00e4ning och spelformer.<br \/>\n+Engelsk- och tysktalande utbildare<br \/>\n+Plus daglig fitnesstr\u00e4ning precis vid havet<br \/>\n+Stor kv\u00e4llsturnering med matchcoachning<br \/>\n+Padel Galakv\u00e4ll med BBQ och efterf\u00f6ljande Players Party<br \/>\n+Hotell\u00f6vernattning (4-stj\u00e4rnig kategori) med halvpension<\/p>\n<p>-Anl\u00e4ggningen \u00e4r certifierad av FIP och World Padel Tour och \u00e4r v\u00e4rd f\u00f6r nationella och internationella turneringar.<br \/>\nBetydande f\u00f6rb\u00e4ttring av spelarens niv\u00e5 genom en personlig tr\u00e4ningsplan som utarbetas av det professionella Padel Camp-teamet.<br \/>\n-Huvudsyftet med akademin \u00e4r att uppn\u00e5 b\u00e4sta m\u00f6jliga resultat f\u00f6r varje spelare p\u00e5 varje niv\u00e5.<br \/>\n-Arbeta med och ge r\u00e5d till spelaren om olika aspekter som individuell slagteknik, r\u00f6relse p\u00e5 banan, taktiskt spel och fysisk f\u00f6rberedelse.<br \/>\n-Till\u00e4mpning av en personlig tr\u00e4ningsplan som \u00e4r anpassad till varje spelare: nyb\u00f6rjare, medelgoda och avancerade spelare<br \/>\n-Padel Camp-experter arbetar med varje spelare: individanpassade tekniker f\u00f6r att f\u00f6rb\u00e4ttra varje slag, r\u00f6relse och fotarbete p\u00e5 banan.<br \/>\n-Testniv\u00e5: Varje grupp f\u00e5r en testniv\u00e5 i b\u00f6rjan av programmet. Utbildarna delar upp arbetsgrupperna.<\/p>\n<p><strong><em style=\"line-height: 20.8px;\">Mer information finns h\u00e4r\u00a0<a href=\"mailto:info@padel-camp.eu?subject=Padel-Test.de%20-%20Padel%20Camp%20Valencia\" rel=\"nofollow\">info@padel-camp.eu<\/a>\u00a0<\/em><\/strong><strong style=\"line-height: 1.6em;\">eller h\u00e4r p\u00e5 <a href=\"https:\/\/www.facebook.com\/events\/194560117564176\/\" rel=\"nofollow noopener\" target=\"_blank\">Facebook<\/a><\/strong><\/p>","protected":false},"excerpt":{"rendered":"<p>Padel-Camp.eu bietet Padelspielern im Februar einen interessanten Padel-Event an, bei dem man in einer der besten Padelschulen Spaniens sein Niveau verbessern kann, ein spannendes Turnier spielen kann und ein tolles Rahmenprogramm geboten bekommt&#8230;<\/p>","protected":false},"author":1,"featured_media":0,"comment_status":"open","ping_status":"open","sticky":false,"template":"","format":"standard","meta":{"_acf_changed":false,"_sitemap_exclude":false,"_sitemap_priority":"","_sitemap_frequency":"","_analytify_skip_tracking":false,"footnotes":""},"categories":[1],"tags":[],"sgg_keywords":[],"class_list":["post-17531","post","type-post","status-publish","format-standard","hentry","category-padel-news"],"acf":{"tweet":"","hinweis_an_redaktion":"","unternehmen":"","logo_unedited":""},"_links":{"self":[{"href":"https:\/\/www.padel-test.de\/sv\/wp-json\/wp\/v2\/posts\/17531","targetHints":{"allow":["GET"]}}],"collection":[{"href":"https:\/\/www.padel-test.de\/sv\/wp-json\/wp\/v2\/posts"}],"about":[{"href":"https:\/\/www.padel-test.de\/sv\/wp-json\/wp\/v2\/types\/post"}],"author":[{"embeddable":true,"href":"https:\/\/www.padel-test.de\/sv\/wp-json\/wp\/v2\/users\/1"}],"replies":[{"embeddable":true,"href":"https:\/\/www.padel-test.de\/sv\/wp-json\/wp\/v2\/comments?post=17531"}],"version-history":[{"count":0,"href":"https:\/\/www.padel-test.de\/sv\/wp-json\/wp\/v2\/posts\/17531\/revisions"}],"wp:attachment":[{"href":"https:\/\/www.padel-test.de\/sv\/wp-json\/wp\/v2\/media?parent=17531"}],"wp:term":[{"taxonomy":"category","embeddable":true,"href":"https:\/\/www.padel-test.de\/sv\/wp-json\/wp\/v2\/categories?post=17531"},{"taxonomy":"post_tag","embeddable":true,"href":"https:\/\/www.padel-test.de\/sv\/wp-json\/wp\/v2\/tags?post=17531"},{"taxonomy":"sgg_keywords","embeddable":true,"href":"https:\/\/www.padel-test.de\/sv\/wp-json\/wp\/v2\/sgg_keywords?post=17531"}],"curies":[{"name":"wp","href":"https:\/\/api.w.org\/{rel}","templated":true}]}}