{"id":17570,"date":"2019-01-27T20:06:41","date_gmt":"2019-01-27T20:06:41","guid":{"rendered":"http:\/\/www.padel-test.de\/padel-nachrichten\/hauptversammlung-dpb-30-03-2019-frankfurt\/"},"modified":"2022-10-21T14:17:37","modified_gmt":"2022-10-21T14:17:37","slug":"arsstaemma-dpb-30-03-2019-frankfurt","status":"publish","type":"post","link":"https:\/\/www.padel-test.de\/sv\/padel-nyheter\/arsstaemma-dpb-30-03-2019-frankfurt\/","title":{"rendered":"DPB:s \u00e5rsst\u00e4mma den 30 mars 2019 i Frankfurt - hj\u00e4lp till att forma framtiden f\u00f6r padel i Tyskland nu!"},"content":{"rendered":"<p>Den 30.03.2019 fr\u00e5n kl. 13.00 och fram\u00e5t kommer ett s\u00e4rskilt evenemang att h\u00e5llas p\u00e5 omr\u00e5det f\u00f6r <a href=\"\/sv\/padel-frankfurt-niddapark\/\">Niddapark Tennis Centre, Am Ginnheimer W\u00e4ldchen 1, 60431 Frankfurt<\/a> bolagsst\u00e4mman i <a href=\"\/sv\/tyska-padelfoerbundet\/\">Tyska Padelf\u00f6rbundet (DPB)<\/a> kommer att \u00e4ga rum. F\u00f6rutom de vanliga punkterna f\u00f6r en \u00e5rsst\u00e4mma \u00e4r huvudsyftet med denna \u00e5rsst\u00e4mma att etablera DPB som ett enhetligt f\u00f6rbund f\u00f6r tysk padelidrott och att involvera s\u00e5 m\u00e5nga padelentusiaster som m\u00f6jligt fr\u00e5n alla regioner i Tyskland.<\/p>\n<p>Dabei wird der gesamte Vorstand neu gew\u00e4hlt &#8211; es ist also ein echter Neuanfang m\u00f6glich. Jeder kann und sollte sich einbringen!<\/p>\n<p>F\u00f6rutom padelklubbar (50,- Euro i \u00e5rsavgift) kan \u00e4ven enskilda padelut\u00f6vare (30,- Euro i \u00e5rsavgift) registrera sig nu i tid f\u00f6r bolagsst\u00e4mman.\u00a0<a href=\"https:\/\/www.deutscherpadelbund.de\/startseite\/dpb-mitgliedschaft\/\" target=\"_blank\" rel=\"nofollow noopener noreferrer\">Bli medlem i DPB<\/a> och hj\u00e4lpa till att utveckla padel i Tyskland. Bara under innevarande \u00e5r har 20 nya medlemmar anslutit sig och nya padelentusiaster ansluter sig varje dag!<\/p>\n<p>&nbsp;<\/p>\n<p><strong>Dagordningen f\u00f6r DPB:s generalf\u00f6rsamling \u00e4r f\u00f6ljande<\/strong><\/p>\n<p>13:00 1. V\u00e4lkomsth\u00e4lsning och fastst\u00e4llande av beslutf\u00f6rhet<br \/>\n13:05 2:a valet av protokollsekreterare<br \/>\n13:10 3. Justering av protokollet fr\u00e5n sammantr\u00e4det den 7 oktober 2017<br \/>\n13:15 4:e rapporten om situationen f\u00f6r DPV\/DPB<br \/>\n13:45 5:e DPB-oml\u00e4ggningen<br \/>\n14:15 6. DPB:s framtida samarbetspartners<br \/>\n14:30 7:e tyska Padel Tour 2019<br \/>\n15:00 8. Kassaredovisning och budgetf\u00f6rslag f\u00f6r 2019<br \/>\n15:15 9 Ansvarsfrihet f\u00f6r direktionen<br \/>\n15:20 10. Val av revisorer f\u00f6r \u00e5r 2019<br \/>\n15:25 11. Presentation och omr\u00f6stning av medlemmarna f\u00f6r:<\/p>\n<p style=\"padding-left: 30px;\">11.1 Nya stadgar f\u00f6r DPB<br \/>\n11.2 Nya bidragsregler<\/p>\n<p>&nbsp;<\/p>\n<p>16:00 Paus<\/p>\n<p>16:15 12 Val av valf\u00f6rr\u00e4ttare<br \/>\n16.20 13. Presentation av kandidaterna till DPB:s nya styrelse<br \/>\n16:50 14 Nyval av direktionen<br \/>\n17:15 15 \u00d6vrigt<br \/>\n17:30 Avslutning av evenemanget<\/p>\n<p>Parkeringsplatser finns i tillr\u00e4ckligt antal direkt framf\u00f6r klubbens lokaler.<\/p>\n<p>&nbsp;<\/p>\n<p style=\"text-align: center;\"><strong>Fler nyheter om Padel:<\/strong><\/p>\n<p style=\"text-align: center;\"><a href=\"\/sv\/padel-test\/nachrichten\/tyska-padelfoerbundet-vaexer-kraftigt-turneringar-medlemmar\/\">Tyska Padelf\u00f6rbundet forts\u00e4tter att v\u00e4xa kraftigt - fler turneringar och medlemmar<\/a><\/p>\n<p style=\"text-align: center;\"><a href=\"\/sv\/padel-turneringar-2\/\">2:a Padelbase Werne Open fr\u00e5n 08-10.02.2019 - GPT 500 &amp; GPT 250<\/a><\/p>\n<p style=\"text-align: center;\">","protected":false},"excerpt":{"rendered":"<p>Den 30.03.2019 fr\u00e5n kl. 13.00 och fram\u00e5t kommer ett s\u00e4rskilt evenemang att h\u00e5llas p\u00e5 omr\u00e5det f\u00f6r <a href=\"\/sv\/padel-frankfurt-niddapark\/\">Niddapark Frankfurt Tennis Center<\/a> bolagsst\u00e4mman i\u00a0<a href=\"\/sv\/tyska-padelfoerbundet\/\">Tyska Padelf\u00f6rbundet (DPB)<\/a> statt. Neben den \u00fcblichen Punkten einer Hauptversammlung geht es bei dieser HV vor allem darum, den DPB als Einheitsverband des deutschen Padelsports zu etablieren und dabei m\u00f6glichst&#8230;<\/p>","protected":false},"author":1,"featured_media":0,"comment_status":"open","ping_status":"open","sticky":false,"template":"","format":"standard","meta":{"_acf_changed":false,"_sitemap_exclude":false,"_sitemap_priority":"","_sitemap_frequency":"","_analytify_skip_tracking":false,"footnotes":""},"categories":[1],"tags":[214,236],"sgg_keywords":[],"class_list":["post-17570","post","type-post","status-publish","format-standard","hentry","category-padel-news","tag-dpb","tag-hauptversammlung"],"acf":{"tweet":"","hinweis_an_redaktion":"","unternehmen":"","logo_unedited":""},"_links":{"self":[{"href":"https:\/\/www.padel-test.de\/sv\/wp-json\/wp\/v2\/posts\/17570","targetHints":{"allow":["GET"]}}],"collection":[{"href":"https:\/\/www.padel-test.de\/sv\/wp-json\/wp\/v2\/posts"}],"about":[{"href":"https:\/\/www.padel-test.de\/sv\/wp-json\/wp\/v2\/types\/post"}],"author":[{"embeddable":true,"href":"https:\/\/www.padel-test.de\/sv\/wp-json\/wp\/v2\/users\/1"}],"replies":[{"embeddable":true,"href":"https:\/\/www.padel-test.de\/sv\/wp-json\/wp\/v2\/comments?post=17570"}],"version-history":[{"count":0,"href":"https:\/\/www.padel-test.de\/sv\/wp-json\/wp\/v2\/posts\/17570\/revisions"}],"wp:attachment":[{"href":"https:\/\/www.padel-test.de\/sv\/wp-json\/wp\/v2\/media?parent=17570"}],"wp:term":[{"taxonomy":"category","embeddable":true,"href":"https:\/\/www.padel-test.de\/sv\/wp-json\/wp\/v2\/categories?post=17570"},{"taxonomy":"post_tag","embeddable":true,"href":"https:\/\/www.padel-test.de\/sv\/wp-json\/wp\/v2\/tags?post=17570"},{"taxonomy":"sgg_keywords","embeddable":true,"href":"https:\/\/www.padel-test.de\/sv\/wp-json\/wp\/v2\/sgg_keywords?post=17570"}],"curies":[{"name":"wp","href":"https:\/\/api.w.org\/{rel}","templated":true}]}}