{"id":17572,"date":"2019-05-16T10:10:40","date_gmt":"2019-05-16T10:10:40","guid":{"rendered":"http:\/\/www.padel-test.de\/padel-nachrichten\/menorca-open-2019-world-padel-tour-urlaub-einem\/"},"modified":"2022-10-21T14:17:36","modified_gmt":"2022-10-21T14:17:36","slug":"menorca-open-2019-world-padel-tour-semester-en","status":"publish","type":"post","link":"https:\/\/www.padel-test.de\/sv\/padel-nyheter\/menorca-open-2019-world-padel-tour-semester-en\/","title":{"rendered":"Menorca Open 2019 - World Padel Tour och semester i ett!"},"content":{"rendered":"<p><a href=\"\/sv\/padel-test\/\">Padel test<\/a>Den 9-13 oktober 2019 kommer en turnering i World Padel Tour att \u00e4ga rum p\u00e5 Menorca. Din chans att se de b\u00e4sta padelspelarna i v\u00e4rlden p\u00e5 n\u00e4ra h\u00e5ll och samtidigt ha en h\u00e4rlig semester n\u00e4r det redan \u00e4r kall h\u00f6st i Tyskland! S\u00e5 vad s\u00e4gs om att se v\u00e4rldens b\u00e4sta padelspelare live och samtidigt ha en fantastisk tid p\u00e5 \u00f6ns vackra str\u00e4nder?<\/p>\n<p><strong>Planen \u00e4r:<\/strong><\/p>\n<ul>\n<li>En 5-dagars semester p\u00e5 den vackra \u00f6n Menorca<\/li>\n<li>Se kvartsfinalerna och semifinalerna i World Padel Tour Menorca Open 2019 live<\/li>\n<li>Ta det lugnt och koppla av p\u00e5 Menorcas fina sandstr\u00e4nder<\/li>\n<li>Sv\u00e4ng padelracket sj\u00e4lv p\u00e5 plats och spela mot lokalbefolkningen<\/li>\n<li>Prata aff\u00e4rer med andra padelgalningar och ha trevligt<\/li>\n<\/ul>\n<p>&nbsp;<\/p>\n<p><strong>De viktigaste uppgifterna:<\/strong><\/p>\n<p>9-13 oktober 2019 (onsdag till s\u00f6ndag)<\/p>\n<p>&nbsp;<\/p>\n<p><strong>Hotell: <\/strong><\/p>\n<p><strong>Occidental Menorca****<\/strong><\/p>\n<ul>\n<li>(4 n\u00e4tter med frukostbuff\u00e9), 100 m fr\u00e5n stranden, 10 min till WPT-arenan<\/li>\n<li>Med sportpark (inkl. 2 padelbanor)<\/li>\n<li>Biljetter till WPT p\u00e5 fredag och l\u00f6rdag (= kvartsfinaler och semifinaler)<\/li>\n<li>Hyrbil (5 dagar, helt\u00e4ckande f\u00f6rs\u00e4kring) fr\u00e5n Mahon flygplats p\u00e5 Menorca<\/li>\n<\/ul>\n<p>&nbsp;<\/p>\n<p><strong>Menorca Open 2019<\/strong><\/p>\n<p>Matcherna kommer att spelas i Menorca Pavilion, som har plats f\u00f6r 5 000 \u00e5sk\u00e5dare. P\u00e5 fredag och l\u00f6rdag kan vi beundra v\u00e4rldens b\u00e4sta padelspelare och se deras spektakul\u00e4ra rally<br \/>\nMed herrarnas och damernas kvartsfinaler och semifinaler har vi m\u00f6jlighet att se ett antal h\u00f6gklassiga matcher live.<br \/>\n<strong>Kostnader:<\/strong><\/p>\n<table class=\"mcntMsoNormalTable\" style=\"height: 197px;\" border=\"0\" width=\"414\">\n<tbody>\n<tr>\n<td valign=\"top\" width=\"304\">\n<p class=\"mcntMsoNormal\">Personer<\/p>\n<\/td>\n<td valign=\"top\" width=\"304\">\n<p class=\"mcntMsoNormal\">Enkelrum<br \/>\nmed 1 person<\/p>\n<\/td>\n<td valign=\"top\" width=\"304\">\n<p class=\"mcntMsoNormal\">Dubbelrum<br \/>\nmed 2 personer<\/p>\n<\/td>\n<td valign=\"top\" width=\"304\">\n<p class=\"mcntMsoNormal\">Familjerum<br \/>\nmed 4 personer<\/p>\n<\/td>\n<\/tr>\n<tr>\n<td valign=\"top\" width=\"304\">\n<p class=\"mcntMsoNormal\">Pris per person<\/p>\n<\/td>\n<td valign=\"top\" width=\"304\">\n<p class=\"mcntMsoNormal\">550 euro<br \/>\ninkl. moms*.<\/p>\n<\/td>\n<td valign=\"top\" width=\"304\">\n<p class=\"mcntMsoNormal\">450 euro<br \/>\ninkl. moms **.<\/p>\n<\/td>\n<td valign=\"top\" width=\"304\">\n<p class=\"mcntMsoNormal\">400 euro<br \/>\ninkl. moms **.<\/p>\n<\/td>\n<\/tr>\n<\/tbody>\n<\/table>\n<p><em>Rabatt vid tidig bokning fr\u00e5n 10% till 31 maj 2019<\/em><\/p>\n<p>&nbsp;<\/p>\n<p><strong>Betalningsvillkor:<br \/>\n<\/strong>Via bank\u00f6verf\u00f6ring. 50% i deposition vid bokning. \u00c5terst\u00e5ende 50% senast den 31\/07\/2019.<\/p>\n<p><strong>Tj\u00e4nster som ing\u00e5r<\/strong><\/p>\n<ul>\n<li>4 n\u00e4tter med frukostbuff\u00e9 p\u00e5 ****Hotel<\/li>\n<li>5 dagars hyrbil (Audi A1 med helt\u00e4ckande f\u00f6rs\u00e4kring)<\/li>\n<li>Biljetter (2:a kategorin) WPT f\u00f6r fredag och l\u00f6rdag<\/li>\n<li>Uthyrning av utrymme i totalt 8 timmar<\/li>\n<li>Matcher mot lokalbefolkningen<\/li>\n<\/ul>\n<p><strong>Tj\u00e4nster exklusiva<\/strong><\/p>\n<ul>\n<li>Flyg till\/fr\u00e5n Menorca<\/li>\n<li>Bensin till hyrbilen<\/li>\n<li>Catering (utom frukost)<\/li>\n<li>Tr\u00e4narlektioner (om s\u00e5 \u00f6nskas)<\/li>\n<li>Hyra av klubbor och bollar (finns p\u00e5 plats)<\/li>\n<li>Aktiviteter (om s\u00e5 \u00f6nskas)<\/li>\n<\/ul>\n<p>&nbsp;<\/p>\n<p><strong>Kontakt:<\/strong><\/p>\n<p>Thomas L\u00f6negren<br \/>\n+49 176 20 12 36 01<br \/>\ninfo@tl-tennis-padel.de<\/p>\n<p>&nbsp;<\/p>\n<div id=\"attachment_6343\" style=\"width: 610px\" class=\"wp-caption aligncenter\"><img loading=\"lazy\" decoding=\"async\" aria-describedby=\"caption-attachment-6343\" class=\"wp-image-6343 size-full\" src=\"https:\/\/www.padel-test.de\/wp-content\/uploads\/2022\/09\/German-Menorca-Open-2019.png\" alt=\"WPT Menorca Open 2019\" width=\"600\" height=\"849\" \/><p id=\"caption-attachment-6343\" class=\"wp-caption-text\">WPT Menorca Open 2019<\/p><\/div>","protected":false},"excerpt":{"rendered":"<p>Vom 9.-13. Oktober 2019 findet auf Menorca ein Turnier der Wolrd Padel Tour statt.\u00a0 Eure Chance die besten Padel\u00a0 Spieler der Welt hautnah zu erleben und gleichzeitig einen tollen Urlaub zu verbrin&#8230;<\/p>","protected":false},"author":1,"featured_media":14333,"comment_status":"open","ping_status":"open","sticky":false,"template":"","format":"standard","meta":{"_acf_changed":false,"_sitemap_exclude":false,"_sitemap_priority":"","_sitemap_frequency":"","_analytify_skip_tracking":false,"footnotes":""},"categories":[1],"tags":[237,205,238],"sgg_keywords":[],"class_list":["post-17572","post","type-post","status-publish","format-standard","has-post-thumbnail","hentry","category-padel-news","tag-menorca","tag-padel-training","tag-world-padel-tour"],"acf":{"tweet":"","hinweis_an_redaktion":"","unternehmen":"","logo_unedited":""},"_links":{"self":[{"href":"https:\/\/www.padel-test.de\/sv\/wp-json\/wp\/v2\/posts\/17572","targetHints":{"allow":["GET"]}}],"collection":[{"href":"https:\/\/www.padel-test.de\/sv\/wp-json\/wp\/v2\/posts"}],"about":[{"href":"https:\/\/www.padel-test.de\/sv\/wp-json\/wp\/v2\/types\/post"}],"author":[{"embeddable":true,"href":"https:\/\/www.padel-test.de\/sv\/wp-json\/wp\/v2\/users\/1"}],"replies":[{"embeddable":true,"href":"https:\/\/www.padel-test.de\/sv\/wp-json\/wp\/v2\/comments?post=17572"}],"version-history":[{"count":0,"href":"https:\/\/www.padel-test.de\/sv\/wp-json\/wp\/v2\/posts\/17572\/revisions"}],"wp:featuredmedia":[{"embeddable":true,"href":"https:\/\/www.padel-test.de\/sv\/wp-json\/wp\/v2\/media\/14333"}],"wp:attachment":[{"href":"https:\/\/www.padel-test.de\/sv\/wp-json\/wp\/v2\/media?parent=17572"}],"wp:term":[{"taxonomy":"category","embeddable":true,"href":"https:\/\/www.padel-test.de\/sv\/wp-json\/wp\/v2\/categories?post=17572"},{"taxonomy":"post_tag","embeddable":true,"href":"https:\/\/www.padel-test.de\/sv\/wp-json\/wp\/v2\/tags?post=17572"},{"taxonomy":"sgg_keywords","embeddable":true,"href":"https:\/\/www.padel-test.de\/sv\/wp-json\/wp\/v2\/sgg_keywords?post=17572"}],"curies":[{"name":"wp","href":"https:\/\/api.w.org\/{rel}","templated":true}]}}