{"id":17583,"date":"2019-06-22T17:13:51","date_gmt":"2019-06-22T17:13:51","guid":{"rendered":"http:\/\/www.padel-test.de\/padel-nachrichten\/carta-aberta-a-dpv\/"},"modified":"2022-10-21T14:17:30","modified_gmt":"2022-10-21T14:17:30","slug":"carta-aberta-a-dpv","status":"publish","type":"post","link":"https:\/\/www.padel-test.de\/sv\/padel-nyheter\/carta-aberta-a-dpv\/","title":{"rendered":"Carta aberta a DPV - Portugisisk version"},"content":{"rendered":"<p>Caro Sr. von Dahle,<\/p>\n<p>no site da Associa\u00e7\u00e3o Alem\u00e3 de Padel voc\u00ea se designa como seu presidente.<\/p>\n<p>Eftersom e-postmeddelandena inte besvaras regelbundet av DPV har vi (som medlemmar i DPV) beslutat att starta e-postlistan.<\/p>\n<p>&nbsp;<\/p>\n<p><strong>Vi vill s\u00e4rskilt be om en \u00e5sikt om f\u00f6ljande process:<\/strong><\/p>\n<p>O Sr. Darek Nowicki, o jogador de padel alem\u00e3o de maior sucesso at\u00e9 agora, foi oficialmente nomeado representante do Padel alem\u00e3o para a EuroAmerika Padel Cup de 4 a 6 de julho para o Estoril por Willy Lahoz (Padel Profissional &#8211; Capit\u00e3o Team Europa).<\/p>\n<p>I v\u00e4ntan p\u00e5 denna liga eller parabenizar e apoiariar o jogador, voc\u00ea chamou os organizadores (temos v\u00e1rios testenunhas) e afirmou que o Sr. Nowicki foi suspenso pelo DPV em todos os eventos da Padel. Ett mycket antisportsligt drag och ocks\u00e5 kontraproduktivt f\u00f6r utvecklingen av sporten tysk padel.<\/p>\n<p>Dessutom \u00e4r vi inte medvetna om att joggaren Darek Nowicki \u00e4r misst\u00e4nkt. F\u00f6rresten \u00e4r han inte den enda padeljoggaren i Alemanha.<\/p>\n<p>&nbsp;<\/p>\n<p>Como membros do DPV, pedimos que voc\u00ea nos explique o seguinte:<\/p>\n<p><strong>1) Hur anser du att du \u00e4r kapabel att strida mot DPV (som ordf\u00f6rande)?<\/strong><\/p>\n<p>I enlighet med det senaste f\u00f6reningsregistret fr\u00e5n den 21 juni 2019 tillh\u00f6r du inte DPV:s distrikt (se h\u00e4r en j\u00e4mf\u00f6relse mellan uppgifterna i registret \u00f6ver klubbar i Colombia och uppgifterna p\u00e5 DPV:s webbplats).<\/p>\n<p>&nbsp;<\/p>\n<p><strong>\u00a02) Quando e como o Sr Nowicki deveria ter sido suspenso pelo DPV?<\/strong><\/p>\n<p>Detta f\u00f6rslag kan inte inf\u00f6ras godtyckligt utan m\u00e5ste antas p\u00e5 en bolagsst\u00e4mma eller \u00e5tminstone redan ha lagts fram. En motsvarande not kan inkluderas i n\u00e4sta bolagsst\u00e4mma fr\u00e5n och med 2010. Al\u00e9m disso, o jogador teria que ser informado sobre isso e tamb\u00e9m ouvir. Men detta skedde inte. Ent\u00e3o, a que voc\u00ea se refere quando fala da suspens\u00e3o de um jogador?<\/p>\n<p>&nbsp;<\/p>\n<p>Estamos ansiosos para sua resposta em breve.<br \/>\n&#8211; TC Niddapark<br \/>\n&#8211; David Ernsting<br \/>\n&#8211; Dirk Jungels<\/p>\n<p>-&gt; Alla undertecknare \u00e4r medlemmar i DPV<\/p>\n<p>&nbsp;<\/p>\n<p>Anexo: Registro de Associa\u00e7\u00e3o Atual &#8211; VR 16389 no Tribunal Distrital de Col\u00f4nia &#8211; 21 de junho de 2019<\/p>\n<div id=\"attachment_6689\" style=\"width: 605px\" class=\"wp-caption alignnone\"><img loading=\"lazy\" decoding=\"async\" aria-describedby=\"caption-attachment-6689\" class=\"wp-image-6689 size-full\" src=\"https:\/\/www.padel-test.de\/wp-content\/uploads\/2022\/09\/Deutscher-Padel-Verband-VR_16389Aktueller_Abdruck.jpg\" alt=\"Tyska Padelf\u00f6rbundet VR 16389+Aktuellt tryck 21 juni 2019\" width=\"595\" height=\"842\" \/><p id=\"caption-attachment-6689\" class=\"wp-caption-text\">Tyska Padelf\u00f6rbundet VR 16389+Aktuellt tryck 21 juni 2019<\/p><\/div>\n<p>&nbsp;<\/p>\n<p>&nbsp;<\/p>\n<p style=\"text-align: center;\"><strong>Meddelande fr\u00e5n redakt\u00f6ren:<\/strong><\/p>\n<p style=\"text-align: center;\"><strong>Inom kort kommer vi ocks\u00e5 att publicera en detaljerad artikel om <em>Generalf\u00f6rsamlingen<\/em> av DPV den 19 maj 2019 i Hamburg.<\/strong><\/p>\n<p>&nbsp;<\/p>","protected":false},"excerpt":{"rendered":"<p>Caro Sr. von Dahle,no site da Associa\u00e7\u00e3o Alem\u00e3 de Padel voc\u00ea se designa como seu presidente.Como os e-mails n\u00e3o s\u00e3o respondidos regularmente pelo DPV, n\u00f3s (como membros do DPV) decidimos o caminho &#8230;<\/p>","protected":false},"author":1,"featured_media":14349,"comment_status":"open","ping_status":"open","sticky":false,"template":"","format":"standard","meta":{"_acf_changed":false,"_sitemap_exclude":false,"_sitemap_priority":"","_sitemap_frequency":"","_analytify_skip_tracking":false,"footnotes":""},"categories":[1],"tags":[230],"sgg_keywords":[],"class_list":["post-17583","post","type-post","status-publish","format-standard","has-post-thumbnail","hentry","category-padel-news","tag-dpv"],"acf":{"tweet":"","hinweis_an_redaktion":"","unternehmen":"","logo_unedited":""},"_links":{"self":[{"href":"https:\/\/www.padel-test.de\/sv\/wp-json\/wp\/v2\/posts\/17583","targetHints":{"allow":["GET"]}}],"collection":[{"href":"https:\/\/www.padel-test.de\/sv\/wp-json\/wp\/v2\/posts"}],"about":[{"href":"https:\/\/www.padel-test.de\/sv\/wp-json\/wp\/v2\/types\/post"}],"author":[{"embeddable":true,"href":"https:\/\/www.padel-test.de\/sv\/wp-json\/wp\/v2\/users\/1"}],"replies":[{"embeddable":true,"href":"https:\/\/www.padel-test.de\/sv\/wp-json\/wp\/v2\/comments?post=17583"}],"version-history":[{"count":0,"href":"https:\/\/www.padel-test.de\/sv\/wp-json\/wp\/v2\/posts\/17583\/revisions"}],"wp:featuredmedia":[{"embeddable":true,"href":"https:\/\/www.padel-test.de\/sv\/wp-json\/wp\/v2\/media\/14349"}],"wp:attachment":[{"href":"https:\/\/www.padel-test.de\/sv\/wp-json\/wp\/v2\/media?parent=17583"}],"wp:term":[{"taxonomy":"category","embeddable":true,"href":"https:\/\/www.padel-test.de\/sv\/wp-json\/wp\/v2\/categories?post=17583"},{"taxonomy":"post_tag","embeddable":true,"href":"https:\/\/www.padel-test.de\/sv\/wp-json\/wp\/v2\/tags?post=17583"},{"taxonomy":"sgg_keywords","embeddable":true,"href":"https:\/\/www.padel-test.de\/sv\/wp-json\/wp\/v2\/sgg_keywords?post=17583"}],"curies":[{"name":"wp","href":"https:\/\/api.w.org\/{rel}","templated":true}]}}