{"id":17598,"date":"2019-10-20T22:17:40","date_gmt":"2019-10-20T22:17:40","guid":{"rendered":"http:\/\/www.padel-test.de\/padel-nachrichten\/zusammenfassung-der-jaehrlichen-generalversammlung-der-fip-in-castellon-2019\/"},"modified":"2022-10-21T14:17:23","modified_gmt":"2022-10-21T14:17:23","slug":"sammanfattning-av-fips-arsstaemma-i-castellon-2019","status":"publish","type":"post","link":"https:\/\/www.padel-test.de\/sv\/padel-nyheter\/sammanfattning-av-fips-arsstaemma-i-castellon-2019\/","title":{"rendered":"Sammanfattning av FIP:s \u00e5rliga generalf\u00f6rsamling i Castellon 2019"},"content":{"rendered":"<p>Fredagen den 18:e h\u00f6lls den 29:e \u00e5rsst\u00e4mman f\u00f6r Internationella Padelf\u00f6rbundet.<\/p>\n<p>Stort deltagande av federationernas medlemmar, vilket bekr\u00e4ftar alla medlemmars fortsatta intresse f\u00f6r den internationella federationens verksamhet.<\/p>\n<p>Ordf\u00f6rande Luigi Carraro inledde m\u00f6tet med att tacka Spanien, Consejo Superior de Deportes och det spanska padelf\u00f6rbundet f\u00f6r deras st\u00f6d, och tackade s\u00e4rskilt Valenciaregionens padelf\u00f6rbund f\u00f6r den enast\u00e5ende organisationen av det nuvarande XII. v\u00e4rldsm\u00e4sterskapet i padel f\u00f6r juniorer.<\/p>\n<p>M\u00f6tet inleddes med den sedvanliga omr\u00f6stningen f\u00f6r att godk\u00e4nna protokollet fr\u00e5n den extra bolagsst\u00e4mman i S\u00e3o Paulo (mars 2019), d\u00e4r styrelsen valdes, och d\u00e4refter godk\u00e4ndes FIP:s budget f\u00f6r 2018.<\/p>\n<p>Ordf\u00f6rande Carraro lade d\u00e4refter fram rapporten om det arbete som utf\u00f6rts under \u00e5ret av den nuvarande FIP-ledningen och framh\u00f6ll bland de viktigaste resultaten f\u00f6ljande<\/p>\n<ol>\n<li>Standardiseringen av rankingen med WPT<\/li>\n<li>Konsolidering av FIP-partnerna med ankomsten av tv\u00e5 mycket viktiga nya sponsorer,<\/li>\n<li>Den nya FIP Padel Tour-banan, som m\u00f6jligg\u00f6r utveckling av padel \u00f6ver hela v\u00e4rlden och alltid har en ranking med spelare fr\u00e5n s\u00e5 m\u00e5nga olika nationaliteter som m\u00f6jligt.<\/li>\n<li>Vi fokuserade sedan p\u00e5 viktiga avtal med media, med b\u00f6rjan i avtalet med Sky Sports, som kommer att s\u00e4nda XI EM (Rom, 4-9 november), och m\u00e5nga andra som kommer att tillk\u00e4nnages under de kommande veckorna,<\/li>\n<li>Medlemmarna informerades om den viktiga utvecklingen med de europeiska olympiska kommitt\u00e9erna f\u00f6r att inkludera padel i Europam\u00e4sterskapen i Krakow 2023 och \u00e4ven att en konfrontation snart kommer att inledas med organisationen av n\u00e4sta Pan American Championships, som kommer att \u00e4ga rum i Chile 2023, f\u00f6r att inkludera padel bland disciplinerna i detta fall ocks\u00e5.<br \/>\nOch allt detta med tanke p\u00e5 v\u00e5rt viktigaste m\u00e5l, n\u00e4mligen att bli en olympisk disciplin i alla avseenden.<\/li>\n<\/ol>\n<p>I detta sammanhang tillk\u00e4nnagav ordf\u00f6randen och verkst\u00e4llande utskottet med stor \u00e4ra f\u00f6r medlemmarna undertecknandet av ett viktigt avtal med GAISF och ITF, vars detaljer kommer att tillk\u00e4nnages under de kommande dagarna och som kommer att f\u00f6ra \u00f6verg\u00e5ngen fr\u00e5n observat\u00f6rsmedlem till permanent medlem av FIP inom GAISF \u00e4nnu n\u00e4rmare.<br \/>\nFIP-medlemmarna erk\u00e4nde enh\u00e4lligt det arbete som hittills utf\u00f6rts.<\/p>\n<p>Som vanligt h\u00f6lls alla m\u00e4sterskap som arrangerats de senaste m\u00e5naderna (fr\u00e5n den senaste generalf\u00f6rsamlingen i Asunci\u00f3n 2018 fram till idag), det p\u00e5g\u00e5ende junior-VM och det kommande Europam\u00e4sterskapet i Rom (4-9 november) h\u00e4r.<\/p>\n<p>M\u00f6tet r\u00f6stade ocks\u00e5 f\u00f6r att delegera till styrelsen att utse en teknisk utv\u00e4rderingskommission f\u00f6r att tilldela n\u00e4sta v\u00e4rldsm\u00e4sterskap 2020 f\u00f6r seniorer och veteraner.<\/p>\n<p>Slutligen \u00e4r vi s\u00e4rskilt glada \u00f6ver att kunna informera er om att f\u00f6rsamlingen r\u00f6stade f\u00f6r att 6 nya l\u00e4nder skulle ansluta sig till FIP, i enlighet med styrelsens f\u00f6rslag:<\/p>\n<p>Kina, Ryssland, San Marino, Armenien, Egypten och Irland.<br \/>\nDetta bekr\u00e4ftar att padel v\u00e4xer i alla delar av v\u00e4rlden. Detaljer om dessa l\u00e4nder kommer att meddelas under de kommande dagarna.<\/p>\n<p>Det \u00e4r mycket viktigt f\u00f6r FIP att alla punkter p\u00e5 dagordningen godk\u00e4ndes av generalf\u00f6rsamlingen, FIP:s suver\u00e4na organ, med en stor majoritet av r\u00f6sterna, inklusive de r\u00f6ster som kr\u00e4vs med tv\u00e5 tredjedels majoritet. Detta visar p\u00e5 ett enhetligt kriterium inom FIP, d\u00e4r de anslutna medlemmarnas konstruktiva anda r\u00e5der, och f\u00f6rtroende f\u00f6r styrelsen, som kommer att forts\u00e4tta att arbeta h\u00e5rt tillsammans med alla medlemsl\u00e4nder mot de gemensamma m\u00e5len.<\/p>\n<p>M\u00f6tet avslutades med president Carraros f\u00f6rhoppning att den konstruktiva anda som pr\u00e4glade det m\u00f6te som just h\u00e5llits \u00e4r b\u00f6rjan p\u00e5 en ny era d\u00e4r Padel kommer att finna enighet mellan alla sina best\u00e5ndsdelar.<\/p>\n<p>&nbsp;<\/p>","protected":false},"excerpt":{"rendered":"<p>Fredagen den 18:e h\u00f6lls den 29:e \u00e5rliga generalf\u00f6rsamlingen f\u00f6r Internationella Padelf\u00f6rbundet. Stort deltagande av medlemmarna i federationerna, vilket bekr\u00e4ftar det fortsatta intresset fr\u00e5n alla medlemmar i den internationella federationens verksamhet.<br \/>\nPr\u00e4sident Luigi Carraro er\u00f6ffnete die Versammlung, indem er Spanien &#8230;<\/p>","protected":false},"author":1,"featured_media":14369,"comment_status":"open","ping_status":"open","sticky":false,"template":"","format":"standard","meta":{"_acf_changed":false,"_sitemap_exclude":false,"_sitemap_priority":"","_sitemap_frequency":"","_analytify_skip_tracking":false,"footnotes":""},"categories":[1],"tags":[211,251,223],"sgg_keywords":[],"class_list":["post-17598","post","type-post","status-publish","format-standard","has-post-thumbnail","hentry","category-padel-news","tag-fip","tag-luigi-carraro","tag-wpt"],"acf":{"tweet":"","hinweis_an_redaktion":"","unternehmen":"","logo_unedited":""},"_links":{"self":[{"href":"https:\/\/www.padel-test.de\/sv\/wp-json\/wp\/v2\/posts\/17598","targetHints":{"allow":["GET"]}}],"collection":[{"href":"https:\/\/www.padel-test.de\/sv\/wp-json\/wp\/v2\/posts"}],"about":[{"href":"https:\/\/www.padel-test.de\/sv\/wp-json\/wp\/v2\/types\/post"}],"author":[{"embeddable":true,"href":"https:\/\/www.padel-test.de\/sv\/wp-json\/wp\/v2\/users\/1"}],"replies":[{"embeddable":true,"href":"https:\/\/www.padel-test.de\/sv\/wp-json\/wp\/v2\/comments?post=17598"}],"version-history":[{"count":0,"href":"https:\/\/www.padel-test.de\/sv\/wp-json\/wp\/v2\/posts\/17598\/revisions"}],"wp:featuredmedia":[{"embeddable":true,"href":"https:\/\/www.padel-test.de\/sv\/wp-json\/wp\/v2\/media\/14369"}],"wp:attachment":[{"href":"https:\/\/www.padel-test.de\/sv\/wp-json\/wp\/v2\/media?parent=17598"}],"wp:term":[{"taxonomy":"category","embeddable":true,"href":"https:\/\/www.padel-test.de\/sv\/wp-json\/wp\/v2\/categories?post=17598"},{"taxonomy":"post_tag","embeddable":true,"href":"https:\/\/www.padel-test.de\/sv\/wp-json\/wp\/v2\/tags?post=17598"},{"taxonomy":"sgg_keywords","embeddable":true,"href":"https:\/\/www.padel-test.de\/sv\/wp-json\/wp\/v2\/sgg_keywords?post=17598"}],"curies":[{"name":"wp","href":"https:\/\/api.w.org\/{rel}","templated":true}]}}