{"id":17438,"date":"2015-05-25T22:00:00","date_gmt":"2015-05-25T22:00:00","guid":{"rendered":"http:\/\/www.padel-test.de\/padel-nachrichten\/bericht-vom-gps-padel-turnier-munchen\/"},"modified":"2022-10-21T14:17:41","modified_gmt":"2022-10-21T14:17:41","slug":"mueni%cc%87h-gps-padel-turnuvasindan-rapor","status":"publish","type":"post","link":"https:\/\/www.padel-test.de\/tr\/padel-haberleri%cc%87\/mueni%cc%87h-gps-padel-turnuvasindan-rapor\/","title":{"rendered":"M\u00fcnih GPS Padel Turnuvas\u0131ndan Rapor"},"content":{"rendered":"<p>II Bahar Turnuvas\u0131 i\u00e7in <a href=\"\/tr\/padel-club-muenchen\/\">Padel Kul\u00fcb\u00fc M\u00fcnih<\/a>\u00a0Yerel padel kul\u00fcb\u00fcn\u00fcn tak\u0131mlar\u0131na Bernau, Frankfurt, Berlin ve hatta \u0130svi\u00e7re'den ba\u015fka kat\u0131l\u0131mc\u0131lar da kat\u0131ld\u0131.<\/p>\n<p>23-25 May\u0131s Whitsun hafta sonu, B kategorisindeki bu GPS erkekler turnuvas\u0131 i\u00e7in uygun bir ortam sa\u011flad\u0131. Zorlu grup ma\u00e7lar\u0131ndan sonra, Padel Club M\u00fcnchen e.V.'den iki tak\u0131m nihayet ilgili yar\u0131 finallere ula\u015ft\u0131 (Isaac San Frutos, Tom Hillebrand ve Javier Izcue, Thomas Birle), ancak nihai finalistler kar\u015f\u0131s\u0131nda yenilgiyi kabul etmek zorunda kald\u0131lar.<\/p>\n<p>B\u00f6ylece s\u0131ra, son Alman Padel \u015eampiyonlar\u0131 Fabian Schmidt &amp; Justus Herbert ile \u0130svi\u00e7re'den Pablo Guerrero &amp; Jose Blanquez \u00e7iftler tak\u0131m\u0131 aras\u0131ndaki \"hesapla\u015fmaya\" geldi. Alman milli oyuncular \u00fcst\u00fcnl\u00fcklerini korudular ve finali 6:2 ve 6:1 kazand\u0131lar.<\/p>\n<p>M\u00fcnih Padel Kul\u00fcb\u00fc ekibi t\u00fcm kat\u0131l\u0131mc\u0131lara ve ziyaret\u00e7ilere, sponsorlara te\u015fekk\u00fcr eder.\u00a0<a href=\"\/tr\/padel-turnuvalari-2\/\">Bir ba\u015fka GPS padel turnuvas\u0131 da 11 ve 12 Temmuz tarihlerinde M\u00fcnih'te ger\u00e7ekle\u015ftirilecek.<\/a> \u015fimdiden d\u00f6rt g\u00f6zle beklenmeye ba\u015fland\u0131.<\/p>","protected":false},"excerpt":{"rendered":"<p>II Bahar Turnuvas\u0131 i\u00e7in <a href=\"\/tr\/padel-club-muenchen\/\">Padel Kul\u00fcb\u00fc M\u00fcnih<\/a>\u00a0Yerel Padel Kul\u00fcb\u00fc tak\u0131mlar\u0131na Bernau, Frankfurt, Berlin ve hatta \u0130svi\u00e7re'den ba\u015fka kat\u0131l\u0131mc\u0131lar da kat\u0131ld\u0131. 23-25 May\u0131s'taki Whitsun hafta sonu, B kategorisindeki bu GPS erkekler turnuvas\u0131 i\u00e7in uygun bir ortam sa\u011flad\u0131. Zorlu grup ma\u00e7lar\u0131n\u0131n ard\u0131ndan Padel Club M\u00fcnchen e.V.'den iki tak\u0131m nihayet ilgili yar\u0131 finallere ula\u015ft\u0131...<\/p>","protected":false},"author":1,"featured_media":0,"comment_status":"open","ping_status":"open","sticky":false,"template":"","format":"standard","meta":{"_acf_changed":false,"_sitemap_exclude":false,"_sitemap_priority":"","_sitemap_frequency":"","_analytify_skip_tracking":false,"footnotes":""},"categories":[1],"tags":[],"sgg_keywords":[],"class_list":["post-17438","post","type-post","status-publish","format-standard","hentry","category-padel-news"],"acf":{"tweet":"","hinweis_an_redaktion":"","unternehmen":"","logo_unedited":""},"_links":{"self":[{"href":"https:\/\/www.padel-test.de\/tr\/wp-json\/wp\/v2\/posts\/17438","targetHints":{"allow":["GET"]}}],"collection":[{"href":"https:\/\/www.padel-test.de\/tr\/wp-json\/wp\/v2\/posts"}],"about":[{"href":"https:\/\/www.padel-test.de\/tr\/wp-json\/wp\/v2\/types\/post"}],"author":[{"embeddable":true,"href":"https:\/\/www.padel-test.de\/tr\/wp-json\/wp\/v2\/users\/1"}],"replies":[{"embeddable":true,"href":"https:\/\/www.padel-test.de\/tr\/wp-json\/wp\/v2\/comments?post=17438"}],"version-history":[{"count":0,"href":"https:\/\/www.padel-test.de\/tr\/wp-json\/wp\/v2\/posts\/17438\/revisions"}],"wp:attachment":[{"href":"https:\/\/www.padel-test.de\/tr\/wp-json\/wp\/v2\/media?parent=17438"}],"wp:term":[{"taxonomy":"category","embeddable":true,"href":"https:\/\/www.padel-test.de\/tr\/wp-json\/wp\/v2\/categories?post=17438"},{"taxonomy":"post_tag","embeddable":true,"href":"https:\/\/www.padel-test.de\/tr\/wp-json\/wp\/v2\/tags?post=17438"},{"taxonomy":"sgg_keywords","embeddable":true,"href":"https:\/\/www.padel-test.de\/tr\/wp-json\/wp\/v2\/sgg_keywords?post=17438"}],"curies":[{"name":"wp","href":"https:\/\/api.w.org\/{rel}","templated":true}]}}