{"id":17460,"date":"2017-08-13T22:00:00","date_gmt":"2017-08-13T22:00:00","guid":{"rendered":"http:\/\/www.padel-test.de\/padel-nachrichten\/zurich-padel-open-auslosung-samuelsen-boehnke-and-mann-christesen-gesetzt\/"},"modified":"2022-11-10T21:34:10","modified_gmt":"2022-11-10T21:34:10","slug":"zueri%cc%87h-padel-acik-kurasi-samuelsen-boehnke-ve-mann-christesen-seri%cc%87-basi","status":"publish","type":"post","link":"https:\/\/www.padel-test.de\/tr\/padel-haberleri%cc%87\/zueri%cc%87h-padel-acik-kurasi-samuelsen-boehnke-ve-mann-christesen-seri%cc%87-basi\/","title":{"rendered":"Z\u00fcrih Padel A\u00e7\u0131k - Kura: Samuelsen\/Boehnke &amp; Mann\/Christesen seri ba\u015f\u0131"},"content":{"rendered":"<p>ile\u00a0<a href=\"\/tr\/padel-turnuvalari-2\/\">Z\u00fcrih Padel A\u00e7\u0131k<\/a>\u00a0(FIP 250), iki Alman padel \u00e7ifti Samuelsen\/Boehnke ve Mann\/Christesen 1. ve 2. s\u0131ralarda yer ald\u0131.<\/p>\n<p>Umar\u0131z \u00e7ocuklar\u0131m\u0131z bu bask\u0131ya dayanabilir ve finale \u00e7\u0131kabilirler.<\/p>\n<p>Sonra <a href=\"\/tr\/padel-test\/nachrichten\/alman-mi%cc%87lli%cc%87-takiminin-kaptani-fabian-sschmidt-avustralyada-kazandi\/\">Fabian Schmidt Avustralya'da kazand\u0131\u011f\u0131 turnuva ile<\/a> iyi i\u015f \u00e7\u0131kard\u0131, tak\u0131mlar\u0131m\u0131zdan birinin Z\u00fcrih'te \u015fampiyonlu\u011fu almas\u0131n\u0131 umuyoruz.<\/p>\n<p>Her durumda, size bol e\u011flence ve ba\u015far\u0131 diliyoruz!<\/p>\n<p><a href=\"http:\/\/www.setteo.com\/torneos\/zurich-padel-open\/vista-impresion\/?cuadro=81750\" target=\"_blank\" rel=\"nofollow noopener noreferrer\">Setteo'daki mevcut durum burada g\u00f6r\u00fcnt\u00fclenir.<\/a><\/p>","protected":false},"excerpt":{"rendered":"<p>Z\u00fcrih Padel A\u00e7\u0131k Turnuvas\u0131'nda<\/a>\u00a0(FIP 250), iki Alman padel \u00e7ifti Samuelsen\/Boehnke ve Mann\/Christesen 1. ve 2. s\u0131ralarda yer ald\u0131. Umar\u0131z \u00e7ocuklar\u0131m\u0131z bu bask\u0131ya dayanabilir ve finale \u00e7\u0131kabilirler. Sonra <a href=\"\/tr\/padel-haberleri%cc%87\/alman-mi%cc%87lli%cc%87-takiminin-kaptani-fabian-sschmidt-avustralyada-kazandi\/\">Fabian Schmidt Avustralya'da kazand\u0131\u011f\u0131 turnuva ile<\/a> iyi bir performans g\u00f6sterdi\u011fini umuyoruz.<\/p>","protected":false},"author":1,"featured_media":0,"comment_status":"closed","ping_status":"closed","sticky":false,"template":"","format":"standard","meta":{"_acf_changed":false,"_sitemap_exclude":false,"_sitemap_priority":"","_sitemap_frequency":"","_analytify_skip_tracking":false,"footnotes":""},"categories":[1],"tags":[],"sgg_keywords":[],"class_list":["post-17460","post","type-post","status-publish","format-standard","hentry","category-padel-news"],"acf":{"tweet":"","hinweis_an_redaktion":"","unternehmen":"","logo_unedited":""},"_links":{"self":[{"href":"https:\/\/www.padel-test.de\/tr\/wp-json\/wp\/v2\/posts\/17460","targetHints":{"allow":["GET"]}}],"collection":[{"href":"https:\/\/www.padel-test.de\/tr\/wp-json\/wp\/v2\/posts"}],"about":[{"href":"https:\/\/www.padel-test.de\/tr\/wp-json\/wp\/v2\/types\/post"}],"author":[{"embeddable":true,"href":"https:\/\/www.padel-test.de\/tr\/wp-json\/wp\/v2\/users\/1"}],"replies":[{"embeddable":true,"href":"https:\/\/www.padel-test.de\/tr\/wp-json\/wp\/v2\/comments?post=17460"}],"version-history":[{"count":0,"href":"https:\/\/www.padel-test.de\/tr\/wp-json\/wp\/v2\/posts\/17460\/revisions"}],"wp:attachment":[{"href":"https:\/\/www.padel-test.de\/tr\/wp-json\/wp\/v2\/media?parent=17460"}],"wp:term":[{"taxonomy":"category","embeddable":true,"href":"https:\/\/www.padel-test.de\/tr\/wp-json\/wp\/v2\/categories?post=17460"},{"taxonomy":"post_tag","embeddable":true,"href":"https:\/\/www.padel-test.de\/tr\/wp-json\/wp\/v2\/tags?post=17460"},{"taxonomy":"sgg_keywords","embeddable":true,"href":"https:\/\/www.padel-test.de\/tr\/wp-json\/wp\/v2\/sgg_keywords?post=17460"}],"curies":[{"name":"wp","href":"https:\/\/api.w.org\/{rel}","templated":true}]}}