{"id":17476,"date":"2017-03-25T23:00:00","date_gmt":"2017-03-25T23:00:00","guid":{"rendered":"http:\/\/www.padel-test.de\/padel-nachrichten\/einladung-padel-veterans-teams-championships-2017\/"},"modified":"2022-10-21T14:17:56","modified_gmt":"2022-10-21T14:17:56","slug":"davet-padel-veteranlar-takimlar-sampi%cc%87yonasi-2017","status":"publish","type":"post","link":"https:\/\/www.padel-test.de\/tr\/padel-haberleri%cc%87\/davet-padel-veteranlar-takimlar-sampi%cc%87yonasi-2017\/","title":{"rendered":"Davetiye: Padel Veteranlar Tak\u0131mlar \u015eampiyonas\u0131 2017"},"content":{"rendered":"<p>Bu vesileyle, siz de\u011ferli Federasyonumuzu bu etkinli\u011fe kat\u0131lmaya davet etmekten memnuniyet duyuyoruz. Bat\u0131 Avrupa'da ilk kez (erkek) Veteranlar i\u00e7in bir Milli Tak\u0131m \u015eampiyonas\u0131 d\u00fczenlenecek. Etkinlik Hollanda Padel Federasyonu taraf\u0131ndan Padel Bel\u00e7ika, Padel Vlaanderen ve Uluslararas\u0131 Padel Federasyonu i\u015fbirli\u011fiyle d\u00fczenlenmektedir. Ev sahibi Bel\u00e7ika'n\u0131n Gent kentindeki Padel4U2 olacak.<\/p>\n<p>Dostluk Uluslararas\u0131 Veteranlar Milli Tak\u0131mlar \u015eampiyonas\u0131 2017, en fazla 8 kat\u0131l\u0131mc\u0131 \u00fclkeyi i\u00e7eren davetli bir turnuva olacakt\u0131r. Her tak\u0131m, ya\u015f kategorisi ba\u015f\u0131na en az 6, en fazla 8 oyuncudan olu\u015facakt\u0131r. Her milli tak\u0131m kategorisi ba\u011f\u0131ms\u0131z olarak yar\u0131\u015fmaktad\u0131r:<\/p>\n<p>45+ 50+ 55+<\/p>\n<p>Bu turnuvan\u0131n amac\u0131 sadece bir \u015fampiyonluk i\u00e7in yar\u0131\u015fmak de\u011fil, ayn\u0131 zamanda padelin tan\u0131t\u0131m\u0131n\u0131 yapmakt\u0131r. E\u011flenmek, ekip ruhu olu\u015fturmak ve padel tutkusunu payla\u015fan yeni uluslararas\u0131 ba\u011flant\u0131lar kurmak da bu etkinli\u011fin merkezinde yer al\u0131yor.<\/p>\n<p>Padel, d\u00fcnya \u00e7ap\u0131nda en h\u0131zl\u0131 b\u00fcy\u00fcyen raket sporlar\u0131ndan biridir. Gaziler sporun \u00f6nemli bir hedef grubudur. T\u00fcm kat\u0131l\u0131mc\u0131 \u00fclkeler bu etkinli\u011fin tan\u0131t\u0131m\u0131ndan ve haber de\u011ferinden kesinlikle faydalanabilir.<\/p>\n<p><strong>Tarih:<\/strong> 2-5haziran2017<\/p>\n<p><strong>Konum:\u00a0<\/strong><a href=\"\/tr\/padel-4u2-gent\/\">Padel 4U2 Gent<\/a>, Emanuel Hielstraat 108, 9050 Gentbrugge, Bel\u00e7ika<\/p>\n<p><strong>Prosed\u00fcr ve kurallar:<\/strong><\/p>\n<p>Federasyonlar bir, iki veya t\u00fcm ya\u015f kategorilerinde milli tak\u0131m kurabilirler<\/p>\n<p>Ulusal ya\u015f kategorisi ba\u015f\u0131na en az 6 ve en fazla 8 ulusal oyuncudan olu\u015fur<\/p>\n<p>Her ya\u015f grubu 3 veya 4 \u00fclkeden olu\u015fan bir grupta oynar<\/p>\n<p>Her grubun 1 numaras\u0131 \u015fampiyonluk i\u00e7in oynar<\/p>\n<p>2, 3 ve 4 numaralar da alt s\u0131ralar i\u00e7in birbirleriyle oynuyorlar.<\/p>\n<p>Daha k\u00fc\u00e7\u00fck gruplar olmas\u0131 durumunda \u00e7apraz finaller yap\u0131lacakt\u0131r<\/p>\n<p>Bir \u00fclke ma\u00e7\u0131 3 ma\u00e7 \u00fczerinden oynan\u0131r (\u00fc\u00e7\u00fcnc\u00fc set e\u015fitlik bozma). Her oyuncu sadece 1 ma\u00e7 oynayabilir<\/p>\n<p>\u00fclke e\u015fle\u015fmesi.<\/p>\n<p><strong>Program:<\/strong><\/p>\n<ul>\n<li>\u00a02 Haziran Cuma: 19.00 kar\u015f\u0131lama<\/li>\n<li>\u00a03 Haziran Cumartesi: 09.30 \u00fclke ba\u015flang\u0131c\u0131 - ma\u00e7lar 20.30 ak\u015fam yeme\u011fi ba\u015flang\u0131c\u0131<\/li>\n<li>\u00a04 Haziran Pazar: 09.30 \u00fclke ba\u015flang\u0131c\u0131 - ma\u00e7lar 20.30 ak\u015fam yeme\u011fi ba\u015flang\u0131c\u0131<\/li>\n<li>\u00a05 Haziran Pazartesi: 09.30 finaller - 13.00 final - 16.30 biti\u015f 5 Haziran Pazartesi:<\/li>\n<\/ul>\n<p><strong>Yaz\u0131t maliyeti:<\/strong><\/p>\n<p>Yemek ve catering i\u00e7in \u00e7ok iyi olanaklar vard\u0131r (iste\u011fe ba\u011fl\u0131). Her g\u00fcn t\u00fcm ekipler a\u011f kurmak, ulusal hikayeleri payla\u015fmak ve padel ruhunu in\u015fa etmek i\u00e7in ak\u015fam yeme\u011finde bir araya gelecek. Daha fazla bilgi almak veya ikramlar\u0131n\u0131z\u0131 rezerve etmek i\u00e7in PADEL4U ile ileti\u015fime ge\u00e7in: info@padel4u2.be<\/p>\n<p><strong>\u00d6nemli<\/strong>:<\/p>\n<ul>\n<li>\u00a01 May\u0131s 2017'den \u00f6nce kaydolun<\/li>\n<li>\u00a0Maksimum 8 \u00fclke (organizat\u00f6r Hollanda ve ev sahibi \u00fclke Bel\u00e7ika dahil), ilk kay\u0131t ilk hizmet<\/li>\n<\/ul>\n<p><strong>Yaz\u0131t ve daha fazla bilgi:<\/strong><\/p>\n<ul>\n<li>\u00a0Pyotr van Dalfsen<\/li>\n<li>\u00a0Koordinat\u00f6r Veteranlar, Hollanda Padel Federasyonu<\/li>\n<li>\u00a0Veteranen@padelbond.nl<\/li>\n<li>\u00a0Tel\/WhatsApp +31 (0) 6 53 248 260<\/li>\n<li>Nederlandse Padelbond De Ruyterlaan 14 3941 WR Doorn www.padelbond.nl<\/li>\n<li>495 \u20ac, \u00fclke tak\u0131m\u0131\/ya\u015f kategorisi ba\u015f\u0131na. \u00dccrete toplar ve kort kullan\u0131m\u0131 dahildir<\/li>\n<\/ul>","protected":false},"excerpt":{"rendered":"<p>Bu vesileyle, siz de\u011ferli Federasyonumuzu bu etkinli\u011fe kat\u0131lmaya davet etmekten memnuniyet duyuyoruz. Bat\u0131 Avrupa'da ilk kez (erkek) Veteranlar i\u00e7in bir Milli Tak\u0131m \u015eampiyonas\u0131 d\u00fczenlenecek. Etkinlik Hollanda Padel Federasyonu taraf\u0131ndan Padel Bel\u00e7ika, Padel Vlaanderen ve Uluslararas\u0131 Padel Federasyonu i\u015fbirli\u011fiyle d\u00fczenlenmektedir. Ev sahibi Bel\u00e7ika'n\u0131n Gent kentindeki Padel4U2 olacak....<\/p>","protected":false},"author":1,"featured_media":0,"comment_status":"open","ping_status":"open","sticky":false,"template":"","format":"standard","meta":{"_acf_changed":false,"_sitemap_exclude":false,"_sitemap_priority":"","_sitemap_frequency":"","_analytify_skip_tracking":false,"footnotes":""},"categories":[1],"tags":[],"sgg_keywords":[],"class_list":["post-17476","post","type-post","status-publish","format-standard","hentry","category-padel-news"],"acf":{"tweet":"","hinweis_an_redaktion":"","unternehmen":"","logo_unedited":""},"_links":{"self":[{"href":"https:\/\/www.padel-test.de\/tr\/wp-json\/wp\/v2\/posts\/17476","targetHints":{"allow":["GET"]}}],"collection":[{"href":"https:\/\/www.padel-test.de\/tr\/wp-json\/wp\/v2\/posts"}],"about":[{"href":"https:\/\/www.padel-test.de\/tr\/wp-json\/wp\/v2\/types\/post"}],"author":[{"embeddable":true,"href":"https:\/\/www.padel-test.de\/tr\/wp-json\/wp\/v2\/users\/1"}],"replies":[{"embeddable":true,"href":"https:\/\/www.padel-test.de\/tr\/wp-json\/wp\/v2\/comments?post=17476"}],"version-history":[{"count":0,"href":"https:\/\/www.padel-test.de\/tr\/wp-json\/wp\/v2\/posts\/17476\/revisions"}],"wp:attachment":[{"href":"https:\/\/www.padel-test.de\/tr\/wp-json\/wp\/v2\/media?parent=17476"}],"wp:term":[{"taxonomy":"category","embeddable":true,"href":"https:\/\/www.padel-test.de\/tr\/wp-json\/wp\/v2\/categories?post=17476"},{"taxonomy":"post_tag","embeddable":true,"href":"https:\/\/www.padel-test.de\/tr\/wp-json\/wp\/v2\/tags?post=17476"},{"taxonomy":"sgg_keywords","embeddable":true,"href":"https:\/\/www.padel-test.de\/tr\/wp-json\/wp\/v2\/sgg_keywords?post=17476"}],"curies":[{"name":"wp","href":"https:\/\/api.w.org\/{rel}","templated":true}]}}