{"id":17500,"date":"2015-03-09T23:00:00","date_gmt":"2015-03-09T23:00:00","guid":{"rendered":"http:\/\/www.padel-test.de\/padel-nachrichten\/german-padel-circuit-geht-in-eine-neue-saison\/"},"modified":"2022-10-21T14:17:47","modified_gmt":"2022-10-21T14:17:47","slug":"alman-padel-devresi%cc%87-yeni%cc%87-sezona-gi%cc%87ri%cc%87yor","status":"publish","type":"post","link":"https:\/\/www.padel-test.de\/tr\/padel-haberleri%cc%87\/alman-padel-devresi%cc%87-yeni%cc%87-sezona-gi%cc%87ri%cc%87yor\/","title":{"rendered":"Herne'deki Alman Padel Circuit 2015 - di\u011fer tarihler belirlendi"},"content":{"rendered":"<p><span style=\"line-height: 1.6em;\">Bu <strong>Alman Padel Circuit Turnuva Serisi<\/strong> kendi s\u0131ralama sistemi ile \u015fu ana kadar Almanya'da Avrupa Padel Federasyonu (<\/span><a style=\"line-height: 1.6em;\" href=\"\/tr\/avrupa-padel-dernegi%cc%87\/\">Avrupa Padel Federasyonu<\/a><span style=\"line-height: 1.6em;\">) tan\u0131n\u0131r. A\u00e7\u0131l\u0131\u015f y\u0131l\u0131 olan 2013'te Padel Circuit, \u00fclke genelindeki \u00e7e\u015fitli padel tesislerinde ba\u015flat\u0131ld\u0131. <a href=\"\/tr\/padel-point-nrw-herne\/\">Padel Point NRW<\/a> sadece iki kapal\u0131 padel kortunda.<\/span><\/p>\n<p><span style=\"line-height: 1.6em;\">Operat\u00f6r ve turnuva organizat\u00f6r\u00fc Mike Rose'un yan\u0131 s\u0131ra padel uzman\u0131 ve tam hizmet ajans\u0131n\u0131n kurucusu\u00a0<\/span><a style=\"line-height: 1.6em;\" href=\"\/tr\/padel-plus\/\">Padel Plus<\/a><span style=\"line-height: 1.6em;\">\u00a0Thomas L\u00f6negren sayesinde k\u0131\u015f aylar\u0131nda da d\u00fczenli padel turnuvalar\u0131 d\u00fczenlenebiliyor ve kat\u0131l\u0131mc\u0131lar aras\u0131nda eski tenis b\u00fcy\u00fckleri de yer al\u0131yor.<\/span><\/p>\n<p>Alman Padel Circuit erkekler A ve B kategorilerinde, kad\u0131nlar a\u00e7\u0131k s\u0131n\u0131fta ve karma kategoride oynanacakt\u0131r.<\/p>\n<p style=\"line-height: 20.7999992370605px;\"><strong>Alman Padel Circuit 2015'in di\u011fer tarihleri de belirlendi:<\/strong><\/p>\n<ul style=\"line-height: 20.7999992370605px;\">\n<li><strong>22.03.2015<\/strong><\/li>\n<li><strong>19.04.2015<\/strong><\/li>\n<li><strong>24.05.2015<\/strong><\/li>\n<\/ul>\n<p>Di\u011fer etkinliklerin tarihleri i\u00e7in buraya t\u0131klay\u0131n <a href=\"\/tr\/padel-turnuvalari-2\/\">Padel turnuvalar\u0131<\/a><\/p>\n<p><u><strong>Bir bak\u0131\u015fta GPC 2015'in yar\u0131\u015fmalar\u0131 ve y\u00f6netmelikleri:<\/strong><\/u><\/p>\n<p><strong>Erkekler Yar\u0131\u015fma Kategorisi A<\/strong><br \/>\nHalihaz\u0131rda GPC s\u0131ralama puan\u0131 biriktirmi\u015f olan oyuncular kat\u0131labilir. Tam veya 250'den az puan\u0131 olan oyuncular da B kategorisine kat\u0131labilir.<\/p>\n<ul>\n<li>Puan da\u011f\u0131l\u0131m\u0131: 1. s\u0131ra: 500, 2. s\u0131ra: 350, 3. s\u0131ra: 250<\/li>\n<\/ul>\n<p><strong>Erkekler Yar\u0131\u015fma Kategorisi B<\/strong><br \/>\nHen\u00fcz GPC s\u0131ralama puan\u0131 biriktirmemi\u015f veya tam olarak 500 puana sahip olan veya 500 puandan az olan oyuncular kat\u0131labilir. B kategorisinde puan toplayan oyuncular GPC s\u0131ralama sistemine dahil edilecek ve b\u00f6ylece bir sonraki turnuvada A kategorisine girebileceklerdir.<\/p>\n<ul>\n<li>Puan da\u011f\u0131l\u0131m\u0131: 1. s\u0131ra: 200 puan, 2. s\u0131ra: 100 puan, 3. s\u0131ra: 50 puan<\/li>\n<\/ul>\n<p><strong>Bayanlar \/ Karma Yar\u0131\u015fma A &amp; B<\/strong><br \/>\nHen\u00fcz GPC s\u0131ralama puan\u0131 toplamam\u0131\u015f olan oyuncular kat\u0131labilir.<\/p>\n<ul>\n<li>Puan da\u011f\u0131l\u0131m\u0131: 1. s\u0131ra: 500, 2. s\u0131ra: 350, 3. s\u0131ra: 250<\/li>\n<\/ul>\n<p>GPC s\u0131ralama listesinde yer alan her oyuncu, bir \u00f6nceki y\u0131l\u0131n puanlar\u0131n\u0131n 20%'sini mevcut takvim y\u0131l\u0131na ta\u015f\u0131yacakt\u0131r. Bir oyuncu bir takvim y\u0131l\u0131 i\u00e7inde bir GPC turnuvas\u0131na kat\u0131lmam\u0131\u015fsa, sa\u011fl\u0131k raporu ibraz edemedi\u011fi s\u00fcrece bir \u00f6nceki y\u0131la ait puanlar\u0131 d\u00fc\u015f\u00fclecektir. Bu durumda, bir \u00f6nceki y\u0131l\u0131n puanlar\u0131 6 ay daha korunur.<\/p>\n<p>Tak\u0131mlar\u0131n kay\u0131tlar\u0131 kay\u0131t tarihine g\u00f6re yap\u0131l\u0131r. \u0130lgili kategorideki kat\u0131l\u0131mc\u0131 alan\u0131n\u0131n dolu olmas\u0131 halinde, yukar\u0131 \u00e7\u0131kan ekipler bekleme listesine al\u0131nacakt\u0131r.<\/p>\n<p><strong>Kay\u0131tlar online olarak \u015fu adresten yap\u0131labilir:\u00a0<a href=\"http:\/\/padel.nrw@gmail.com\" rel=\"nofollow noopener\" target=\"_blank\">padel.nrw@gmail.com<\/a><\/strong><\/p>","protected":false},"excerpt":{"rendered":"<p>Kendi s\u0131ralama sistemine sahip German Padel Circuit turnuva serisi \u015fu ana kadar Almanya'da Avrupa Padel Federasyonu (<a href=\"\/tr\/avrupa-padel-dernegi%cc%87\/\">Avrupa Padel Federasyonu<\/a>) tan\u0131n\u0131r. A\u00e7\u0131l\u0131\u015f y\u0131l\u0131 olan 2013'te Padel Circuit, \u00fclke genelindeki \u00e7e\u015fitli padel tesislerinde ba\u015flat\u0131ld\u0131. <a href=\"\/tr\/padel-point-nrw-herne\/\">Padel Point NRW<\/a> hari\u00e7.<\/p>","protected":false},"author":1,"featured_media":0,"comment_status":"open","ping_status":"open","sticky":false,"template":"","format":"standard","meta":{"_acf_changed":false,"_sitemap_exclude":false,"_sitemap_priority":"","_sitemap_frequency":"","_analytify_skip_tracking":false,"footnotes":""},"categories":[1],"tags":[],"sgg_keywords":[],"class_list":["post-17500","post","type-post","status-publish","format-standard","hentry","category-padel-news"],"acf":{"tweet":"","hinweis_an_redaktion":"","unternehmen":"","logo_unedited":""},"_links":{"self":[{"href":"https:\/\/www.padel-test.de\/tr\/wp-json\/wp\/v2\/posts\/17500","targetHints":{"allow":["GET"]}}],"collection":[{"href":"https:\/\/www.padel-test.de\/tr\/wp-json\/wp\/v2\/posts"}],"about":[{"href":"https:\/\/www.padel-test.de\/tr\/wp-json\/wp\/v2\/types\/post"}],"author":[{"embeddable":true,"href":"https:\/\/www.padel-test.de\/tr\/wp-json\/wp\/v2\/users\/1"}],"replies":[{"embeddable":true,"href":"https:\/\/www.padel-test.de\/tr\/wp-json\/wp\/v2\/comments?post=17500"}],"version-history":[{"count":0,"href":"https:\/\/www.padel-test.de\/tr\/wp-json\/wp\/v2\/posts\/17500\/revisions"}],"wp:attachment":[{"href":"https:\/\/www.padel-test.de\/tr\/wp-json\/wp\/v2\/media?parent=17500"}],"wp:term":[{"taxonomy":"category","embeddable":true,"href":"https:\/\/www.padel-test.de\/tr\/wp-json\/wp\/v2\/categories?post=17500"},{"taxonomy":"post_tag","embeddable":true,"href":"https:\/\/www.padel-test.de\/tr\/wp-json\/wp\/v2\/tags?post=17500"},{"taxonomy":"sgg_keywords","embeddable":true,"href":"https:\/\/www.padel-test.de\/tr\/wp-json\/wp\/v2\/sgg_keywords?post=17500"}],"curies":[{"name":"wp","href":"https:\/\/api.w.org\/{rel}","templated":true}]}}